{"id":9391,"date":"2025-10-10T11:23:13","date_gmt":"2025-10-10T16:23:13","guid":{"rendered":"https:\/\/indicatic.org.pa\/?p=9391"},"modified":"2025-10-24T12:21:40","modified_gmt":"2025-10-24T17:21:40","slug":"aip-transformacion-digital-apanac-2025-indicatic","status":"publish","type":"post","link":"https:\/\/indicatic.org.pa\/en\/aip-transformacion-digital-apanac-2025-indicatic\/","title":{"rendered":"AIPs as Strategic Instruments: INDICATIC at APANAC 2025 Round Table"},"content":{"rendered":"<p><span style=\"color: #ffffff;\">AIP Panam\u00e1 transformaci\u00f3n digital<\/span><\/p>\n<p class=\"whitespace-normal break-words\"><em>An\u00e1lisis del rol de las Asociaciones de Inter\u00e9s P\u00fablico en la transformaci\u00f3n digital de Panam\u00e1.<\/em><\/p>\n<p><span class=\"citation-332 citation-end-332\">En el XX Congreso Nacional de Ciencia y Tecnolog\u00eda (APANAC 2025) <\/span><span class=\"citation-331 citation-end-331\">, la mesa redonda \u00abTecnolog\u00edas Emergentes y Transformaci\u00f3n Digital\u00bb puso en perspectiva el papel fundamental de las Asociaciones de Inter\u00e9s P\u00fablico (AIPs) como instrumentos estrat\u00e9gicos del Estado paname\u00f1o<\/span>. <span class=\"citation-330 citation-end-330\">El panel, moderado por Guillermo Anllo de UNESCO <\/span><span class=\"citation-329 citation-end-329\">, concluy\u00f3 que el modelo AIP es indispensable para un desarrollo \u00e1gil y basado en ciencia<\/span>.<\/p>\n<p><span class=\"citation-328 citation-end-328\">El Dr. Philippe Aniort\u00e9, director de INDICATIC AIP<\/span>, particip\u00f3 en la discusi\u00f3n, reforzando el compromiso de la instituci\u00f3n con la transferencia de conocimiento para el beneficio nacional.<\/p>\n<div id='gallery-1' class='gallery galleryid-9391 gallery-columns-2 gallery-size-medium'><figure class='gallery-item'>\n\t\t\t<div class='gallery-icon landscape'>\n\t\t\t\t<a title=\"AIP Panam\u00e1 transformaci\u00f3n digital\"  href='https:\/\/indicatic.org.pa\/en\/aip-transformacion-digital-apanac-2025-indicatic\/1-9\/'><img fetchpriority=\"high\" decoding=\"async\" width=\"600\" height=\"400\" src=\"https:\/\/indicatic.org.pa\/wp-content\/uploads\/2025\/10\/1-1-600x400.png\" class=\"attachment-medium size-medium\" alt=\"AIP Panam\u00e1 transformaci\u00f3n digital\" srcset=\"https:\/\/indicatic.org.pa\/wp-content\/uploads\/2025\/10\/1-1-600x400.png 600w, https:\/\/indicatic.org.pa\/wp-content\/uploads\/2025\/10\/1-1-1024x683.png 1024w, https:\/\/indicatic.org.pa\/wp-content\/uploads\/2025\/10\/1-1-768x512.png 768w, https:\/\/indicatic.org.pa\/wp-content\/uploads\/2025\/10\/1-1-1536x1024.png 1536w, https:\/\/indicatic.org.pa\/wp-content\/uploads\/2025\/10\/1-1-18x12.png 18w, https:\/\/indicatic.org.pa\/wp-content\/uploads\/2025\/10\/1-1-700x467.png 700w, https:\/\/indicatic.org.pa\/wp-content\/uploads\/2025\/10\/1-1.png 1800w\" sizes=\"(max-width: 600px) 100vw, 600px\" \/><\/a>\n\t\t\t<\/div><\/figure><figure class='gallery-item'>\n\t\t\t<div class='gallery-icon landscape'>\n\t\t\t\t<a title=\"AIP Panam\u00e1 transformaci\u00f3n digital\"  href='https:\/\/indicatic.org.pa\/en\/aip-transformacion-digital-apanac-2025-indicatic\/8-7\/'><img decoding=\"async\" width=\"600\" height=\"400\" src=\"https:\/\/indicatic.org.pa\/wp-content\/uploads\/2025\/10\/8-4-600x400.png\" class=\"attachment-medium size-medium\" alt=\"AIP Panam\u00e1 transformaci\u00f3n digital\" srcset=\"https:\/\/indicatic.org.pa\/wp-content\/uploads\/2025\/10\/8-4-600x400.png 600w, https:\/\/indicatic.org.pa\/wp-content\/uploads\/2025\/10\/8-4-1024x683.png 1024w, https:\/\/indicatic.org.pa\/wp-content\/uploads\/2025\/10\/8-4-768x512.png 768w, https:\/\/indicatic.org.pa\/wp-content\/uploads\/2025\/10\/8-4-1536x1024.png 1536w, https:\/\/indicatic.org.pa\/wp-content\/uploads\/2025\/10\/8-4-18x12.png 18w, https:\/\/indicatic.org.pa\/wp-content\/uploads\/2025\/10\/8-4-700x467.png 700w, https:\/\/indicatic.org.pa\/wp-content\/uploads\/2025\/10\/8-4.png 1800w\" sizes=\"(max-width: 600px) 100vw, 600px\" \/><\/a>\n\t\t\t<\/div><\/figure><figure class='gallery-item'>\n\t\t\t<div class='gallery-icon landscape'>\n\t\t\t\t<a title=\"AIP Panam\u00e1 transformaci\u00f3n digital\"  href='https:\/\/indicatic.org.pa\/en\/aip-transformacion-digital-apanac-2025-indicatic\/9-6\/'><img decoding=\"async\" width=\"600\" height=\"400\" src=\"https:\/\/indicatic.org.pa\/wp-content\/uploads\/2025\/10\/9-3-600x400.png\" class=\"attachment-medium size-medium\" alt=\"AIP Panam\u00e1 transformaci\u00f3n digital\" srcset=\"https:\/\/indicatic.org.pa\/wp-content\/uploads\/2025\/10\/9-3-600x400.png 600w, https:\/\/indicatic.org.pa\/wp-content\/uploads\/2025\/10\/9-3-1024x683.png 1024w, https:\/\/indicatic.org.pa\/wp-content\/uploads\/2025\/10\/9-3-768x512.png 768w, https:\/\/indicatic.org.pa\/wp-content\/uploads\/2025\/10\/9-3-1536x1024.png 1536w, https:\/\/indicatic.org.pa\/wp-content\/uploads\/2025\/10\/9-3-18x12.png 18w, https:\/\/indicatic.org.pa\/wp-content\/uploads\/2025\/10\/9-3-700x467.png 700w, https:\/\/indicatic.org.pa\/wp-content\/uploads\/2025\/10\/9-3.png 1800w\" sizes=\"(max-width: 600px) 100vw, 600px\" \/><\/a>\n\t\t\t<\/div><\/figure><figure class='gallery-item'>\n\t\t\t<div class='gallery-icon landscape'>\n\t\t\t\t<a title=\"AIP Panam\u00e1 transformaci\u00f3n digital\"  href='https:\/\/indicatic.org.pa\/en\/aip-transformacion-digital-apanac-2025-indicatic\/10-4\/'><img loading=\"lazy\" decoding=\"async\" width=\"600\" height=\"400\" src=\"https:\/\/indicatic.org.pa\/wp-content\/uploads\/2025\/10\/10-1-600x400.png\" class=\"attachment-medium size-medium\" alt=\"AIP Panam\u00e1 transformaci\u00f3n digital\" srcset=\"https:\/\/indicatic.org.pa\/wp-content\/uploads\/2025\/10\/10-1-600x400.png 600w, https:\/\/indicatic.org.pa\/wp-content\/uploads\/2025\/10\/10-1-1024x683.png 1024w, https:\/\/indicatic.org.pa\/wp-content\/uploads\/2025\/10\/10-1-768x512.png 768w, https:\/\/indicatic.org.pa\/wp-content\/uploads\/2025\/10\/10-1-1536x1024.png 1536w, https:\/\/indicatic.org.pa\/wp-content\/uploads\/2025\/10\/10-1-18x12.png 18w, https:\/\/indicatic.org.pa\/wp-content\/uploads\/2025\/10\/10-1-700x467.png 700w, https:\/\/indicatic.org.pa\/wp-content\/uploads\/2025\/10\/10-1.png 1800w\" sizes=\"(max-width: 600px) 100vw, 600px\" \/><\/a>\n\t\t\t<\/div><\/figure><figure class='gallery-item'>\n\t\t\t<div class='gallery-icon landscape'>\n\t\t\t\t<a title=\"AIP Panam\u00e1 transformaci\u00f3n digital\"  href='https:\/\/indicatic.org.pa\/en\/aip-transformacion-digital-apanac-2025-indicatic\/inicio-2\/'><img loading=\"lazy\" decoding=\"async\" width=\"600\" height=\"400\" src=\"https:\/\/indicatic.org.pa\/wp-content\/uploads\/2025\/10\/inicio-600x400.png\" class=\"attachment-medium size-medium\" alt=\"AIP Panam\u00e1 transformaci\u00f3n digital\" srcset=\"https:\/\/indicatic.org.pa\/wp-content\/uploads\/2025\/10\/inicio-600x400.png 600w, https:\/\/indicatic.org.pa\/wp-content\/uploads\/2025\/10\/inicio-1024x683.png 1024w, https:\/\/indicatic.org.pa\/wp-content\/uploads\/2025\/10\/inicio-768x512.png 768w, https:\/\/indicatic.org.pa\/wp-content\/uploads\/2025\/10\/inicio-1536x1024.png 1536w, https:\/\/indicatic.org.pa\/wp-content\/uploads\/2025\/10\/inicio-18x12.png 18w, https:\/\/indicatic.org.pa\/wp-content\/uploads\/2025\/10\/inicio-700x467.png 700w, https:\/\/indicatic.org.pa\/wp-content\/uploads\/2025\/10\/inicio.png 1800w\" sizes=\"(max-width: 600px) 100vw, 600px\" \/><\/a>\n\t\t\t<\/div><\/figure><figure class='gallery-item'>\n\t\t\t<div class='gallery-icon landscape'>\n\t\t\t\t<a title=\"AIP Panam\u00e1 transformaci\u00f3n digital\"  href='https:\/\/indicatic.org.pa\/en\/aip-transformacion-digital-apanac-2025-indicatic\/11-5\/'><img loading=\"lazy\" decoding=\"async\" width=\"600\" height=\"400\" src=\"https:\/\/indicatic.org.pa\/wp-content\/uploads\/2025\/10\/11-3-600x400.png\" class=\"attachment-medium size-medium\" alt=\"AIP Panam\u00e1 transformaci\u00f3n digital\" srcset=\"https:\/\/indicatic.org.pa\/wp-content\/uploads\/2025\/10\/11-3-600x400.png 600w, https:\/\/indicatic.org.pa\/wp-content\/uploads\/2025\/10\/11-3-1024x683.png 1024w, https:\/\/indicatic.org.pa\/wp-content\/uploads\/2025\/10\/11-3-768x512.png 768w, https:\/\/indicatic.org.pa\/wp-content\/uploads\/2025\/10\/11-3-1536x1024.png 1536w, https:\/\/indicatic.org.pa\/wp-content\/uploads\/2025\/10\/11-3-18x12.png 18w, https:\/\/indicatic.org.pa\/wp-content\/uploads\/2025\/10\/11-3-700x467.png 700w, https:\/\/indicatic.org.pa\/wp-content\/uploads\/2025\/10\/11-3.png 1800w\" sizes=\"(max-width: 600px) 100vw, 600px\" \/><\/a>\n\t\t\t<\/div><\/figure><figure class='gallery-item'>\n\t\t\t<div class='gallery-icon landscape'>\n\t\t\t\t<a title=\"AIP Panam\u00e1 transformaci\u00f3n digital\"  href='https:\/\/indicatic.org.pa\/en\/aip-transformacion-digital-apanac-2025-indicatic\/12-4\/'><img loading=\"lazy\" decoding=\"async\" width=\"600\" height=\"400\" src=\"https:\/\/indicatic.org.pa\/wp-content\/uploads\/2025\/10\/12-2-600x400.png\" class=\"attachment-medium size-medium\" alt=\"AIP Panam\u00e1 transformaci\u00f3n digital\" srcset=\"https:\/\/indicatic.org.pa\/wp-content\/uploads\/2025\/10\/12-2-600x400.png 600w, https:\/\/indicatic.org.pa\/wp-content\/uploads\/2025\/10\/12-2-1024x683.png 1024w, https:\/\/indicatic.org.pa\/wp-content\/uploads\/2025\/10\/12-2-768x512.png 768w, https:\/\/indicatic.org.pa\/wp-content\/uploads\/2025\/10\/12-2-1536x1024.png 1536w, https:\/\/indicatic.org.pa\/wp-content\/uploads\/2025\/10\/12-2-18x12.png 18w, https:\/\/indicatic.org.pa\/wp-content\/uploads\/2025\/10\/12-2-700x467.png 700w, https:\/\/indicatic.org.pa\/wp-content\/uploads\/2025\/10\/12-2.png 1800w\" sizes=\"(max-width: 600px) 100vw, 600px\" \/><\/a>\n\t\t\t<\/div><\/figure><figure class='gallery-item'>\n\t\t\t<div class='gallery-icon landscape'>\n\t\t\t\t<a title=\"AIP Panam\u00e1 transformaci\u00f3n digital\"  href='https:\/\/indicatic.org.pa\/en\/aip-transformacion-digital-apanac-2025-indicatic\/attachment\/15\/'><img loading=\"lazy\" decoding=\"async\" width=\"600\" height=\"400\" src=\"https:\/\/indicatic.org.pa\/wp-content\/uploads\/2025\/10\/15-600x400.png\" class=\"attachment-medium size-medium\" alt=\"AIP Panam\u00e1 transformaci\u00f3n digital\" srcset=\"https:\/\/indicatic.org.pa\/wp-content\/uploads\/2025\/10\/15-600x400.png 600w, https:\/\/indicatic.org.pa\/wp-content\/uploads\/2025\/10\/15-1024x683.png 1024w, https:\/\/indicatic.org.pa\/wp-content\/uploads\/2025\/10\/15-768x512.png 768w, https:\/\/indicatic.org.pa\/wp-content\/uploads\/2025\/10\/15-1536x1024.png 1536w, https:\/\/indicatic.org.pa\/wp-content\/uploads\/2025\/10\/15-18x12.png 18w, https:\/\/indicatic.org.pa\/wp-content\/uploads\/2025\/10\/15-700x467.png 700w, https:\/\/indicatic.org.pa\/wp-content\/uploads\/2025\/10\/15.png 1800w\" sizes=\"(max-width: 600px) 100vw, 600px\" \/><\/a>\n\t\t\t<\/div><\/figure><figure class='gallery-item'>\n\t\t\t<div class='gallery-icon landscape'>\n\t\t\t\t<a title=\"AIP Panam\u00e1 transformaci\u00f3n digital\"  href='https:\/\/indicatic.org.pa\/en\/aip-transformacion-digital-apanac-2025-indicatic\/attachment\/17\/'><img loading=\"lazy\" decoding=\"async\" width=\"600\" height=\"400\" src=\"https:\/\/indicatic.org.pa\/wp-content\/uploads\/2025\/10\/17-600x400.png\" class=\"attachment-medium size-medium\" alt=\"AIP Panam\u00e1 transformaci\u00f3n digital\" srcset=\"https:\/\/indicatic.org.pa\/wp-content\/uploads\/2025\/10\/17-600x400.png 600w, https:\/\/indicatic.org.pa\/wp-content\/uploads\/2025\/10\/17-1024x683.png 1024w, https:\/\/indicatic.org.pa\/wp-content\/uploads\/2025\/10\/17-768x512.png 768w, https:\/\/indicatic.org.pa\/wp-content\/uploads\/2025\/10\/17-1536x1024.png 1536w, https:\/\/indicatic.org.pa\/wp-content\/uploads\/2025\/10\/17-18x12.png 18w, https:\/\/indicatic.org.pa\/wp-content\/uploads\/2025\/10\/17-700x467.png 700w, https:\/\/indicatic.org.pa\/wp-content\/uploads\/2025\/10\/17.png 1800w\" sizes=\"(max-width: 600px) 100vw, 600px\" \/><\/a>\n\t\t\t<\/div><\/figure><figure class='gallery-item'>\n\t\t\t<div class='gallery-icon landscape'>\n\t\t\t\t<a title=\"AIP Panam\u00e1 transformaci\u00f3n digital\"  href='https:\/\/indicatic.org.pa\/en\/aip-transformacion-digital-apanac-2025-indicatic\/inicio-3\/'><img loading=\"lazy\" decoding=\"async\" width=\"600\" height=\"400\" src=\"https:\/\/indicatic.org.pa\/wp-content\/uploads\/2025\/10\/inicio-1-600x400.png\" class=\"attachment-medium size-medium\" alt=\"AIP Panam\u00e1 transformaci\u00f3n digital\" srcset=\"https:\/\/indicatic.org.pa\/wp-content\/uploads\/2025\/10\/inicio-1-600x400.png 600w, https:\/\/indicatic.org.pa\/wp-content\/uploads\/2025\/10\/inicio-1-1024x683.png 1024w, https:\/\/indicatic.org.pa\/wp-content\/uploads\/2025\/10\/inicio-1-768x512.png 768w, https:\/\/indicatic.org.pa\/wp-content\/uploads\/2025\/10\/inicio-1-1536x1024.png 1536w, https:\/\/indicatic.org.pa\/wp-content\/uploads\/2025\/10\/inicio-1-18x12.png 18w, https:\/\/indicatic.org.pa\/wp-content\/uploads\/2025\/10\/inicio-1-700x467.png 700w, https:\/\/indicatic.org.pa\/wp-content\/uploads\/2025\/10\/inicio-1.png 1800w\" sizes=\"(max-width: 600px) 100vw, 600px\" \/><\/a>\n\t\t\t<\/div><\/figure>\n\t\t<\/div>\n\n<h2 class=\"text-xl font-bold text-text-100 mt-1 -mb-0.5\">Modelo AIP: Agilidad y Transferencia <span style=\"color: #ffffff;\">P Panam\u00e1 transformaci\u00f3n digita<\/span><\/h2>\n<p class=\"whitespace-normal break-words\">Las AIPs fueron dise\u00f1adas para superar limitaciones burocr\u00e1ticas del sector p\u00fablico, permitiendo mayor flexibilidad en la implementaci\u00f3n de pol\u00edticas cient\u00edficas como el Plan Estrat\u00e9gico Nacional de Ciencia, Tecnolog\u00eda e Innovaci\u00f3n (PENCYT).<\/p>\n<p class=\"whitespace-normal break-words\">Los panelistas destacaron que alrededor de cinco grupos tecnol\u00f3gicos convergen actualmente: nanotecnolog\u00eda, biotecnolog\u00eda, tecnolog\u00eda satelital, Inteligencia Artificial y neuro-tecnolog\u00eda. Estas \u00e1reas requieren instituciones \u00e1giles para su desarrollo, por eso se resalta la figura de las AIP, asociaciones de inter\u00e9s p\u00fablico de car\u00e1cter p\u00fablico-privado que combinan la agilidad del sector privado con el prop\u00f3sito de beneficio social.<\/p>\n<h2 class=\"text-xl font-bold text-text-100 mt-1 -mb-0.5\">Desaf\u00edos Identificados <span style=\"color: #ffffff;\">AIP<\/span><span style=\"color: #ffffff;\"> Panam\u00e1 transformaci\u00f3n digital<\/span><\/h2>\n<p class=\"whitespace-normal break-words\">La mesa abord\u00f3 obst\u00e1culos concretos: Inestabilidad presupuestaria por recortes, procesos administrativos que limitan la agilidad, y la necesidad de fortalecer la confianza con el sector privado para asegurar colaboraciones sostenibles.<\/p>\n<p class=\"whitespace-normal break-words\">Los participantes propusieron estrategias como: medir el impacto social de los proyectos, participar activamente en la formulaci\u00f3n de pol\u00edticas p\u00fablicas, y fortalecer la colaboraci\u00f3n industria-academia usando a Panam\u00e1 como espacio de co-creaci\u00f3n tecnol\u00f3gica.<\/p>\n<p class=\"whitespace-normal break-words\">INDICATIC AIP contin\u00faa su trabajo en transferencia de conocimiento y desarrollo de proyectos que conecten la investigaci\u00f3n con las necesidades del pa\u00eds.<\/p>\n<h2>You may also be interested in:<\/h2>\n<div class=\"embed-container\">\n<blockquote class=\"wp-embedded-content\" data-secret=\"VXeqqsVuuN\"><p><a href=\"https:\/\/indicatic.org.pa\/en\/indicatic-apanac-2025-panama\/\">INDICATIC AIP actively participates in APANAC 2025 with contributions in AI, intelligent mobility and environmental monitoring.<\/a><\/p><\/blockquote>\n<p><iframe class=\"wp-embedded-content\" sandbox=\"allow-scripts\" security=\"restricted\" style=\"position: absolute; visibility: hidden;\" title=\"\u00abINDICATIC AIP participa activamente en APANAC 2025 con aportes en IA, movilidad inteligente y monitoreo ambiental\u00bb \u2014 INDICATIC AIP\" src=\"https:\/\/indicatic.org.pa\/indicatic-apanac-2025-panama\/embed\/#?secret=Jg4VR61Qo9#?secret=VXeqqsVuuN\" data-secret=\"VXeqqsVuuN\" width=\"600\" height=\"338\" frameborder=\"0\" marginwidth=\"0\" marginheight=\"0\" scrolling=\"no\"><\/iframe><\/div>\n<p>&nbsp;<\/p>","protected":false},"excerpt":{"rendered":"<p>AIP Panam\u00e1 transformaci\u00f3n digital An\u00e1lisis del rol de las Asociaciones de Inter\u00e9s P\u00fablico en la transformaci\u00f3n digital de Panam\u00e1. En el XX Congreso Nacional de Ciencia y Tecnolog\u00eda (APANAC 2025) &hellip; <\/p>\n<p class=\"more-link-wrap\"><a href=\"https:\/\/indicatic.org.pa\/en\/aip-transformacion-digital-apanac-2025-indicatic\/\" class=\"more-link\"><span>Read More<span class=\"screen-reader-text\"> \u00abAIPs como Instrumentos Estrat\u00e9gicos: INDICATIC en Mesa Redonda de APANAC 2025\u00bb<\/span><\/span><i class=\"opal-icon-arrow-right\" aria-hidden=\"true\"><\/i><\/a><\/p>","protected":false},"author":3,"featured_media":9406,"comment_status":"closed","ping_status":"closed","sticky":false,"template":"","format":"standard","meta":{"_acf_changed":false,"inline_featured_image":false,"wpupg_custom_link":[],"wpupg_custom_link_behaviour":["default"],"wpupg_custom_link_nofollow":["default"],"wpupg_custom_image":[],"wpupg_custom_image_id":[],"_price":"","_stock":"","_tribe_ticket_header":"","_tribe_default_ticket_provider":"","_tribe_ticket_capacity":"0","_ticket_start_date":"","_ticket_end_date":"","_tribe_ticket_show_description":"","_tribe_ticket_show_not_going":false,"_tribe_ticket_use_global_stock":"","_tribe_ticket_global_stock_level":"","_global_stock_mode":"","_global_stock_cap":"","_tribe_rsvp_for_event":"","_tribe_ticket_going_count":"","_tribe_ticket_not_going_count":"","_tribe_tickets_list":"[]","_tribe_ticket_has_attendee_info_fields":false,"footnotes":""},"categories":[38],"tags":[166,165,172,127,171,169,168,170,167],"class_list":["post-9391","post","type-post","status-publish","format-standard","has-post-thumbnail","hentry","category-articulos-de-prensa","tag-aips","tag-apanac","tag-congreso-cientifico","tag-inteligencia-artificial","tag-mesa-redonda","tag-pencyt","tag-philippe-aniorte","tag-tecnologias-emergentes","tag-transformacion-digital"],"acf":[],"yoast_head":"<!-- This site is optimized with the Yoast SEO plugin v27.5 - https:\/\/yoast.com\/product\/yoast-seo-wordpress\/ -->\n<title>AIPs y Transformaci\u00f3n Digital: Mesa APANAC 2025 | INDICATIC<\/title>\n<meta name=\"description\" content=\"INDICATIC AIP particip\u00f3 en mesa redonda sobre el rol estrat\u00e9gico de las AIPs en la transformaci\u00f3n digital y desarrollo tecnol\u00f3gico de Panam\u00e1.\" \/>\n<meta name=\"robots\" content=\"index, follow, max-snippet:-1, max-image-preview:large, max-video-preview:-1\" \/>\n<link rel=\"canonical\" href=\"https:\/\/indicatic.org.pa\/en\/aip-transformacion-digital-apanac-2025-indicatic\/\" \/>\n<meta property=\"og:locale\" content=\"en_US\" \/>\n<meta property=\"og:type\" content=\"article\" \/>\n<meta property=\"og:title\" content=\"AIPs y Transformaci\u00f3n Digital: Mesa APANAC 2025 | INDICATIC\" \/>\n<meta property=\"og:description\" content=\"INDICATIC AIP particip\u00f3 en mesa redonda sobre el rol estrat\u00e9gico de las AIPs en la transformaci\u00f3n digital y desarrollo tecnol\u00f3gico de Panam\u00e1.\" \/>\n<meta property=\"og:url\" content=\"https:\/\/indicatic.org.pa\/en\/aip-transformacion-digital-apanac-2025-indicatic\/\" \/>\n<meta property=\"og:site_name\" content=\"INDICATIC AIP\" \/>\n<meta property=\"article:publisher\" content=\"https:\/\/www.facebook.com\/indicaticaip\" \/>\n<meta property=\"article:published_time\" content=\"2025-10-10T16:23:13+00:00\" \/>\n<meta property=\"article:modified_time\" content=\"2025-10-24T17:21:40+00:00\" \/>\n<meta property=\"og:image\" content=\"https:\/\/indicatic.org.pa\/wp-content\/uploads\/2025\/10\/18-1-1024x683.png\" \/>\n\t<meta property=\"og:image:width\" content=\"1024\" \/>\n\t<meta property=\"og:image:height\" content=\"683\" \/>\n\t<meta property=\"og:image:type\" content=\"image\/png\" \/>\n<meta name=\"author\" content=\"INDICATIC AIP\" \/>\n<meta name=\"twitter:card\" content=\"summary_large_image\" \/>\n<meta name=\"twitter:creator\" content=\"@indicaticaip\" \/>\n<meta name=\"twitter:site\" content=\"@indicaticaip\" \/>\n<meta name=\"twitter:label1\" content=\"Written by\" \/>\n\t<meta name=\"twitter:data1\" content=\"INDICATIC AIP\" \/>\n\t<meta name=\"twitter:label2\" content=\"Est. reading time\" \/>\n\t<meta name=\"twitter:data2\" content=\"2 minutes\" \/>\n<script type=\"application\/ld+json\" class=\"yoast-schema-graph\">{\"@context\":\"https:\\\/\\\/schema.org\",\"@graph\":[{\"@type\":\"Article\",\"@id\":\"https:\\\/\\\/indicatic.org.pa\\\/aip-transformacion-digital-apanac-2025-indicatic\\\/#article\",\"isPartOf\":{\"@id\":\"https:\\\/\\\/indicatic.org.pa\\\/aip-transformacion-digital-apanac-2025-indicatic\\\/\"},\"author\":{\"name\":\"INDICATIC AIP\",\"@id\":\"https:\\\/\\\/indicatic.org.pa\\\/#\\\/schema\\\/person\\\/4984c67e5f5c2862528826e05d13d73a\"},\"headline\":\"AIPs como Instrumentos Estrat\u00e9gicos: INDICATIC en Mesa Redonda de APANAC 2025\",\"datePublished\":\"2025-10-10T16:23:13+00:00\",\"dateModified\":\"2025-10-24T17:21:40+00:00\",\"mainEntityOfPage\":{\"@id\":\"https:\\\/\\\/indicatic.org.pa\\\/aip-transformacion-digital-apanac-2025-indicatic\\\/\"},\"wordCount\":367,\"publisher\":{\"@id\":\"https:\\\/\\\/indicatic.org.pa\\\/#organization\"},\"image\":{\"@id\":\"https:\\\/\\\/indicatic.org.pa\\\/aip-transformacion-digital-apanac-2025-indicatic\\\/#primaryimage\"},\"thumbnailUrl\":\"https:\\\/\\\/indicatic.org.pa\\\/wp-content\\\/uploads\\\/2025\\\/10\\\/18-1.png\",\"keywords\":[\"AIPs\",\"APANAC\",\"congreso cient\u00edfico\",\"inteligencia artificial\",\"mesa redonda\",\"PENCYT\",\"Philippe Aniort\u00e9\",\"tecnolog\u00edas emergentes\",\"transformaci\u00f3n digital\"],\"articleSection\":[\"Art\u00edculos de prensa\"],\"inLanguage\":\"en-US\"},{\"@type\":\"WebPage\",\"@id\":\"https:\\\/\\\/indicatic.org.pa\\\/aip-transformacion-digital-apanac-2025-indicatic\\\/\",\"url\":\"https:\\\/\\\/indicatic.org.pa\\\/aip-transformacion-digital-apanac-2025-indicatic\\\/\",\"name\":\"AIPs y Transformaci\u00f3n Digital: Mesa APANAC 2025 | INDICATIC\",\"isPartOf\":{\"@id\":\"https:\\\/\\\/indicatic.org.pa\\\/#website\"},\"primaryImageOfPage\":{\"@id\":\"https:\\\/\\\/indicatic.org.pa\\\/aip-transformacion-digital-apanac-2025-indicatic\\\/#primaryimage\"},\"image\":{\"@id\":\"https:\\\/\\\/indicatic.org.pa\\\/aip-transformacion-digital-apanac-2025-indicatic\\\/#primaryimage\"},\"thumbnailUrl\":\"https:\\\/\\\/indicatic.org.pa\\\/wp-content\\\/uploads\\\/2025\\\/10\\\/18-1.png\",\"datePublished\":\"2025-10-10T16:23:13+00:00\",\"dateModified\":\"2025-10-24T17:21:40+00:00\",\"description\":\"INDICATIC AIP particip\u00f3 en mesa redonda sobre el rol estrat\u00e9gico de las AIPs en la transformaci\u00f3n digital y desarrollo tecnol\u00f3gico de Panam\u00e1.\",\"breadcrumb\":{\"@id\":\"https:\\\/\\\/indicatic.org.pa\\\/aip-transformacion-digital-apanac-2025-indicatic\\\/#breadcrumb\"},\"inLanguage\":\"en-US\",\"potentialAction\":[{\"@type\":\"ReadAction\",\"target\":[\"https:\\\/\\\/indicatic.org.pa\\\/aip-transformacion-digital-apanac-2025-indicatic\\\/\"]}]},{\"@type\":\"ImageObject\",\"inLanguage\":\"en-US\",\"@id\":\"https:\\\/\\\/indicatic.org.pa\\\/aip-transformacion-digital-apanac-2025-indicatic\\\/#primaryimage\",\"url\":\"https:\\\/\\\/indicatic.org.pa\\\/wp-content\\\/uploads\\\/2025\\\/10\\\/18-1.png\",\"contentUrl\":\"https:\\\/\\\/indicatic.org.pa\\\/wp-content\\\/uploads\\\/2025\\\/10\\\/18-1.png\",\"width\":1800,\"height\":1200,\"caption\":\"En el cierre del XX Congreso Nacional de Ciencia y Tecnolog\u00eda, se reunieron representantes de Asociaciones de Inter\u00e9s P\u00fablico (AIPs) en la mesa redonda \\\"Tecnolog\u00edas Emergentes y Transformaci\u00f3n Digital\\\" para analizar su papel en el desarrollo tecnol\u00f3gico nacional. Con la moderaci\u00f3n de Guillermo Anllo (UNESCO), participaron directores de centros de investigaci\u00f3n abordando los desaf\u00edos y oportunidades que enfrenta el ecosistema I+D+i de Panam\u00e1. El Dr. Philippe Aniort\u00e9 de INDICATIC AIP fue parte de esta reflexi\u00f3n estrat\u00e9gica. \ud83c\uddf5\ud83c\udde6\"},{\"@type\":\"BreadcrumbList\",\"@id\":\"https:\\\/\\\/indicatic.org.pa\\\/aip-transformacion-digital-apanac-2025-indicatic\\\/#breadcrumb\",\"itemListElement\":[{\"@type\":\"ListItem\",\"position\":1,\"name\":\"Portada\",\"item\":\"https:\\\/\\\/indicatic.org.pa\\\/\"},{\"@type\":\"ListItem\",\"position\":2,\"name\":\"AIPs como Instrumentos Estrat\u00e9gicos: INDICATIC en Mesa Redonda de APANAC 2025\"}]},{\"@type\":\"WebSite\",\"@id\":\"https:\\\/\\\/indicatic.org.pa\\\/#website\",\"url\":\"https:\\\/\\\/indicatic.org.pa\\\/\",\"name\":\"INDICATIC AIP\",\"description\":\"Instituto Nacional de Investigaciones Cient\u00edficas Avanzadas en Tecnolog\u00edas de Informaci\u00f3n y Comunicaci\u00f3n\",\"publisher\":{\"@id\":\"https:\\\/\\\/indicatic.org.pa\\\/#organization\"},\"potentialAction\":[{\"@type\":\"SearchAction\",\"target\":{\"@type\":\"EntryPoint\",\"urlTemplate\":\"https:\\\/\\\/indicatic.org.pa\\\/?s={search_term_string}\"},\"query-input\":{\"@type\":\"PropertyValueSpecification\",\"valueRequired\":true,\"valueName\":\"search_term_string\"}}],\"inLanguage\":\"en-US\"},{\"@type\":\"Organization\",\"@id\":\"https:\\\/\\\/indicatic.org.pa\\\/#organization\",\"name\":\"INDICATIC AIP\",\"url\":\"https:\\\/\\\/indicatic.org.pa\\\/\",\"logo\":{\"@type\":\"ImageObject\",\"inLanguage\":\"en-US\",\"@id\":\"https:\\\/\\\/indicatic.org.pa\\\/#\\\/schema\\\/logo\\\/image\\\/\",\"url\":\"https:\\\/\\\/indicatic.org.pa\\\/wp-content\\\/uploads\\\/2023\\\/11\\\/LOGO-INDICATIC-AIP.png\",\"contentUrl\":\"https:\\\/\\\/indicatic.org.pa\\\/wp-content\\\/uploads\\\/2023\\\/11\\\/LOGO-INDICATIC-AIP.png\",\"width\":1600,\"height\":427,\"caption\":\"INDICATIC AIP\"},\"image\":{\"@id\":\"https:\\\/\\\/indicatic.org.pa\\\/#\\\/schema\\\/logo\\\/image\\\/\"},\"sameAs\":[\"https:\\\/\\\/www.facebook.com\\\/indicaticaip\",\"https:\\\/\\\/x.com\\\/indicaticaip\"]},{\"@type\":\"Person\",\"@id\":\"https:\\\/\\\/indicatic.org.pa\\\/#\\\/schema\\\/person\\\/4984c67e5f5c2862528826e05d13d73a\",\"name\":\"INDICATIC AIP\",\"image\":{\"@type\":\"ImageObject\",\"inLanguage\":\"en-US\",\"@id\":\"https:\\\/\\\/secure.gravatar.com\\\/avatar\\\/bc4c93cb6b625eab4198ae7208f6c19adc9dd37e90f64e104a6ad4a57c78fab0?s=96&d=mm&r=g\",\"url\":\"https:\\\/\\\/secure.gravatar.com\\\/avatar\\\/bc4c93cb6b625eab4198ae7208f6c19adc9dd37e90f64e104a6ad4a57c78fab0?s=96&d=mm&r=g\",\"contentUrl\":\"https:\\\/\\\/secure.gravatar.com\\\/avatar\\\/bc4c93cb6b625eab4198ae7208f6c19adc9dd37e90f64e104a6ad4a57c78fab0?s=96&d=mm&r=g\",\"caption\":\"INDICATIC AIP\"},\"url\":\"https:\\\/\\\/indicatic.org.pa\\\/en\\\/author\\\/indicatic_aip_user\\\/\"}]}<\/script>\n<!-- \/ Yoast SEO plugin. -->","yoast_head_json":{"title":"AIPs y Transformaci\u00f3n Digital: Mesa APANAC 2025 | INDICATIC","description":"INDICATIC AIP particip\u00f3 en mesa redonda sobre el rol estrat\u00e9gico de las AIPs en la transformaci\u00f3n digital y desarrollo tecnol\u00f3gico de Panam\u00e1.","robots":{"index":"index","follow":"follow","max-snippet":"max-snippet:-1","max-image-preview":"max-image-preview:large","max-video-preview":"max-video-preview:-1"},"canonical":"https:\/\/indicatic.org.pa\/en\/aip-transformacion-digital-apanac-2025-indicatic\/","og_locale":"en_US","og_type":"article","og_title":"AIPs y Transformaci\u00f3n Digital: Mesa APANAC 2025 | INDICATIC","og_description":"INDICATIC AIP particip\u00f3 en mesa redonda sobre el rol estrat\u00e9gico de las AIPs en la transformaci\u00f3n digital y desarrollo tecnol\u00f3gico de Panam\u00e1.","og_url":"https:\/\/indicatic.org.pa\/en\/aip-transformacion-digital-apanac-2025-indicatic\/","og_site_name":"INDICATIC AIP","article_publisher":"https:\/\/www.facebook.com\/indicaticaip","article_published_time":"2025-10-10T16:23:13+00:00","article_modified_time":"2025-10-24T17:21:40+00:00","og_image":[{"width":1024,"height":683,"url":"https:\/\/indicatic.org.pa\/wp-content\/uploads\/2025\/10\/18-1-1024x683.png","type":"image\/png"}],"author":"INDICATIC AIP","twitter_card":"summary_large_image","twitter_creator":"@indicaticaip","twitter_site":"@indicaticaip","twitter_misc":{"Written by":"INDICATIC AIP","Est. reading time":"2 minutes"},"schema":{"@context":"https:\/\/schema.org","@graph":[{"@type":"Article","@id":"https:\/\/indicatic.org.pa\/aip-transformacion-digital-apanac-2025-indicatic\/#article","isPartOf":{"@id":"https:\/\/indicatic.org.pa\/aip-transformacion-digital-apanac-2025-indicatic\/"},"author":{"name":"INDICATIC AIP","@id":"https:\/\/indicatic.org.pa\/#\/schema\/person\/4984c67e5f5c2862528826e05d13d73a"},"headline":"AIPs como Instrumentos Estrat\u00e9gicos: INDICATIC en Mesa Redonda de APANAC 2025","datePublished":"2025-10-10T16:23:13+00:00","dateModified":"2025-10-24T17:21:40+00:00","mainEntityOfPage":{"@id":"https:\/\/indicatic.org.pa\/aip-transformacion-digital-apanac-2025-indicatic\/"},"wordCount":367,"publisher":{"@id":"https:\/\/indicatic.org.pa\/#organization"},"image":{"@id":"https:\/\/indicatic.org.pa\/aip-transformacion-digital-apanac-2025-indicatic\/#primaryimage"},"thumbnailUrl":"https:\/\/indicatic.org.pa\/wp-content\/uploads\/2025\/10\/18-1.png","keywords":["AIPs","APANAC","congreso cient\u00edfico","inteligencia artificial","mesa redonda","PENCYT","Philippe Aniort\u00e9","tecnolog\u00edas emergentes","transformaci\u00f3n digital"],"articleSection":["Art\u00edculos de prensa"],"inLanguage":"en-US"},{"@type":"WebPage","@id":"https:\/\/indicatic.org.pa\/aip-transformacion-digital-apanac-2025-indicatic\/","url":"https:\/\/indicatic.org.pa\/aip-transformacion-digital-apanac-2025-indicatic\/","name":"AIPs y Transformaci\u00f3n Digital: Mesa APANAC 2025 | INDICATIC","isPartOf":{"@id":"https:\/\/indicatic.org.pa\/#website"},"primaryImageOfPage":{"@id":"https:\/\/indicatic.org.pa\/aip-transformacion-digital-apanac-2025-indicatic\/#primaryimage"},"image":{"@id":"https:\/\/indicatic.org.pa\/aip-transformacion-digital-apanac-2025-indicatic\/#primaryimage"},"thumbnailUrl":"https:\/\/indicatic.org.pa\/wp-content\/uploads\/2025\/10\/18-1.png","datePublished":"2025-10-10T16:23:13+00:00","dateModified":"2025-10-24T17:21:40+00:00","description":"INDICATIC AIP particip\u00f3 en mesa redonda sobre el rol estrat\u00e9gico de las AIPs en la transformaci\u00f3n digital y desarrollo tecnol\u00f3gico de Panam\u00e1.","breadcrumb":{"@id":"https:\/\/indicatic.org.pa\/aip-transformacion-digital-apanac-2025-indicatic\/#breadcrumb"},"inLanguage":"en-US","potentialAction":[{"@type":"ReadAction","target":["https:\/\/indicatic.org.pa\/aip-transformacion-digital-apanac-2025-indicatic\/"]}]},{"@type":"ImageObject","inLanguage":"en-US","@id":"https:\/\/indicatic.org.pa\/aip-transformacion-digital-apanac-2025-indicatic\/#primaryimage","url":"https:\/\/indicatic.org.pa\/wp-content\/uploads\/2025\/10\/18-1.png","contentUrl":"https:\/\/indicatic.org.pa\/wp-content\/uploads\/2025\/10\/18-1.png","width":1800,"height":1200,"caption":"En el cierre del XX Congreso Nacional de Ciencia y Tecnolog\u00eda, se reunieron representantes de Asociaciones de Inter\u00e9s P\u00fablico (AIPs) en la mesa redonda \"Tecnolog\u00edas Emergentes y Transformaci\u00f3n Digital\" para analizar su papel en el desarrollo tecnol\u00f3gico nacional. Con la moderaci\u00f3n de Guillermo Anllo (UNESCO), participaron directores de centros de investigaci\u00f3n abordando los desaf\u00edos y oportunidades que enfrenta el ecosistema I+D+i de Panam\u00e1. El Dr. Philippe Aniort\u00e9 de INDICATIC AIP fue parte de esta reflexi\u00f3n estrat\u00e9gica. \ud83c\uddf5\ud83c\udde6"},{"@type":"BreadcrumbList","@id":"https:\/\/indicatic.org.pa\/aip-transformacion-digital-apanac-2025-indicatic\/#breadcrumb","itemListElement":[{"@type":"ListItem","position":1,"name":"Portada","item":"https:\/\/indicatic.org.pa\/"},{"@type":"ListItem","position":2,"name":"AIPs como Instrumentos Estrat\u00e9gicos: INDICATIC en Mesa Redonda de APANAC 2025"}]},{"@type":"WebSite","@id":"https:\/\/indicatic.org.pa\/#website","url":"https:\/\/indicatic.org.pa\/","name":"INDICATIC AIP","description":"National Institute for Advanced Scientific Research in Information and Communication Technologies","publisher":{"@id":"https:\/\/indicatic.org.pa\/#organization"},"potentialAction":[{"@type":"SearchAction","target":{"@type":"EntryPoint","urlTemplate":"https:\/\/indicatic.org.pa\/?s={search_term_string}"},"query-input":{"@type":"PropertyValueSpecification","valueRequired":true,"valueName":"search_term_string"}}],"inLanguage":"en-US"},{"@type":"Organization","@id":"https:\/\/indicatic.org.pa\/#organization","name":"INDICATIC AIP","url":"https:\/\/indicatic.org.pa\/","logo":{"@type":"ImageObject","inLanguage":"en-US","@id":"https:\/\/indicatic.org.pa\/#\/schema\/logo\/image\/","url":"https:\/\/indicatic.org.pa\/wp-content\/uploads\/2023\/11\/LOGO-INDICATIC-AIP.png","contentUrl":"https:\/\/indicatic.org.pa\/wp-content\/uploads\/2023\/11\/LOGO-INDICATIC-AIP.png","width":1600,"height":427,"caption":"INDICATIC AIP"},"image":{"@id":"https:\/\/indicatic.org.pa\/#\/schema\/logo\/image\/"},"sameAs":["https:\/\/www.facebook.com\/indicaticaip","https:\/\/x.com\/indicaticaip"]},{"@type":"Person","@id":"https:\/\/indicatic.org.pa\/#\/schema\/person\/4984c67e5f5c2862528826e05d13d73a","name":"INDICATIC AIP","image":{"@type":"ImageObject","inLanguage":"en-US","@id":"https:\/\/secure.gravatar.com\/avatar\/bc4c93cb6b625eab4198ae7208f6c19adc9dd37e90f64e104a6ad4a57c78fab0?s=96&d=mm&r=g","url":"https:\/\/secure.gravatar.com\/avatar\/bc4c93cb6b625eab4198ae7208f6c19adc9dd37e90f64e104a6ad4a57c78fab0?s=96&d=mm&r=g","contentUrl":"https:\/\/secure.gravatar.com\/avatar\/bc4c93cb6b625eab4198ae7208f6c19adc9dd37e90f64e104a6ad4a57c78fab0?s=96&d=mm&r=g","caption":"INDICATIC AIP"},"url":"https:\/\/indicatic.org.pa\/en\/author\/indicatic_aip_user\/"}]}},"_links":{"self":[{"href":"https:\/\/indicatic.org.pa\/en\/wp-json\/wp\/v2\/posts\/9391","targetHints":{"allow":["GET"]}}],"collection":[{"href":"https:\/\/indicatic.org.pa\/en\/wp-json\/wp\/v2\/posts"}],"about":[{"href":"https:\/\/indicatic.org.pa\/en\/wp-json\/wp\/v2\/types\/post"}],"author":[{"embeddable":true,"href":"https:\/\/indicatic.org.pa\/en\/wp-json\/wp\/v2\/users\/3"}],"replies":[{"embeddable":true,"href":"https:\/\/indicatic.org.pa\/en\/wp-json\/wp\/v2\/comments?post=9391"}],"version-history":[{"count":5,"href":"https:\/\/indicatic.org.pa\/en\/wp-json\/wp\/v2\/posts\/9391\/revisions"}],"predecessor-version":[{"id":9412,"href":"https:\/\/indicatic.org.pa\/en\/wp-json\/wp\/v2\/posts\/9391\/revisions\/9412"}],"wp:featuredmedia":[{"embeddable":true,"href":"https:\/\/indicatic.org.pa\/en\/wp-json\/wp\/v2\/media\/9406"}],"wp:attachment":[{"href":"https:\/\/indicatic.org.pa\/en\/wp-json\/wp\/v2\/media?parent=9391"}],"wp:term":[{"taxonomy":"category","embeddable":true,"href":"https:\/\/indicatic.org.pa\/en\/wp-json\/wp\/v2\/categories?post=9391"},{"taxonomy":"post_tag","embeddable":true,"href":"https:\/\/indicatic.org.pa\/en\/wp-json\/wp\/v2\/tags?post=9391"}],"curies":[{"name":"wp","href":"https:\/\/api.w.org\/{rel}","templated":true}]}}