{"id":8587,"date":"2025-03-20T15:51:08","date_gmt":"2025-03-20T20:51:08","guid":{"rendered":"https:\/\/indicatic.org.pa\/?p=8587"},"modified":"2025-03-31T13:31:38","modified_gmt":"2025-03-31T18:31:38","slug":"senacyt-convocatorias-para-proyectos-y-talleres-en-ciencia-y-tecnologia","status":"publish","type":"post","link":"https:\/\/indicatic.org.pa\/en\/senacyt-convocatorias-para-proyectos-y-talleres-en-ciencia-y-tecnologia\/","title":{"rendered":"SENACYT Anuncia Convocatorias P\u00fablicas para Proyectos y Talleres en Ciencia y Tecnolog\u00eda"},"content":{"rendered":"<div>\n<p><span style=\"color: #ffffff;\">https:\/\/indicatic.org.pa\/vacante-tecnico-para-administracion-de-cluster-de-bioinformatica\/<\/span><\/p>\n<p class=\"break-words\">La Secretar\u00eda Nacional de Ciencia, Tecnolog\u00eda e Innovaci\u00f3n (SENACYT) abre sus <a href=\"https:\/\/www.senacyt.gob.pa\/convocatoria-publica-para-proyectos-y-talleres\/\">convocatorias p\u00fablicas para proyectos y talleres<\/a> que promuevan el fortalecimiento del aprendizaje en ciencia y tecnolog\u00eda. La fecha de apertura es el <strong>17 de marzo de 2025<\/strong>, con un plazo de entrega de solicitudes hasta el <strong>15 de abril de 2025<\/strong> a las 3:00 p.m. (hora exacta).<\/p>\n<p class=\"break-words\">Dirigidas a personas jur\u00eddicas como instituciones acad\u00e9micas, entidades p\u00fablicas, asociaciones de inter\u00e9s p\u00fablico y organizaciones sin fines de lucro, estas convocatorias buscan fomentar innovaciones educativas formales y no formales. El objetivo es mejorar la formaci\u00f3n de estudiantes y alinearse con las pol\u00edticas educativas nacionales en \u00e1reas como las ciencias sociales y la educaci\u00f3n.<\/p>\n<p class=\"break-words\">Las convocatorias se dividen en dos categor\u00edas:<\/p>\n<ul class=\"marker:text-secondary\">\n<li class=\"break-words\">Proyectos (Categor\u00eda A): hasta B\/.50,000.00.<\/li>\n<li class=\"break-words\">Talleres (Categor\u00eda B): hasta B\/.20,000.00.<\/li>\n<\/ul>\n<p class=\"break-words\">Los interesados deben revisar las bases y la resoluci\u00f3n en el sitio oficial de SENACYT. Las propuestas deben entregarse dentro del plazo establecido y cumplir con los requisitos detallados en el anuncio.<\/p>\n<p class=\"break-words\">Para m\u00e1s informaci\u00f3n sobre estas convocatorias p\u00fablicas SENACYT, visitando el siguiente enlace: <a href=\"https:\/\/www.senacyt.gob.pa\/fortalecimiento-del-aprendizaje-en-la-ciencia-y-la-tecnologia\">Click here<\/a> o contacta al 517-0014, ext. 1041 (Gloria Garc\u00eda).<\/p>\n<p class=\"break-words\">\u00a1Aplica ya y contribuye al desarrollo educativo en ciencia y tecnolog\u00eda en Panam\u00e1!<\/p>\n<p><a href=\"https:\/\/www.senacyt.gob.pa\/convocatoria-publica-para-proyectos-y-talleres\/\"><img fetchpriority=\"high\" decoding=\"async\" class=\"aligncenter wp-image-8588 size-large\" title=\"convocatorias p\u00fablicas SENACYT\" src=\"https:\/\/indicatic.org.pa\/wp-content\/uploads\/2025\/03\/AFICHE-692x1024.jpg\" alt=\"convocatorias p\u00fablicas SENACYT\" width=\"692\" height=\"1024\" srcset=\"https:\/\/indicatic.org.pa\/wp-content\/uploads\/2025\/03\/AFICHE-692x1024.jpg 692w, https:\/\/indicatic.org.pa\/wp-content\/uploads\/2025\/03\/AFICHE-406x600.jpg 406w, https:\/\/indicatic.org.pa\/wp-content\/uploads\/2025\/03\/AFICHE-768x1136.jpg 768w, https:\/\/indicatic.org.pa\/wp-content\/uploads\/2025\/03\/AFICHE-1038x1536.jpg 1038w, https:\/\/indicatic.org.pa\/wp-content\/uploads\/2025\/03\/AFICHE-8x12.jpg 8w, https:\/\/indicatic.org.pa\/wp-content\/uploads\/2025\/03\/AFICHE-700x1035.jpg 700w, https:\/\/indicatic.org.pa\/wp-content\/uploads\/2025\/03\/AFICHE.jpg 1275w\" sizes=\"(max-width: 692px) 100vw, 692px\" \/><\/a><\/p>\n<\/div>\n<h2>Tambi\u00e9n podr\u00eda interesarte: <span style=\"color: #ffffff;\">convocatorias p\u00fablicas SENACYT<\/span><\/h2>\n<div class=\"embed-container\">\n<blockquote class=\"wp-embedded-content\" data-secret=\"gYEH5L5B5L\"><p><a href=\"https:\/\/indicatic.org.pa\/en\/vacancy-technician-for-bioinformatics-cluster-administration\/\">Vacancy: Bioinformatics Cluster Administration Technician<\/a><\/p><\/blockquote>\n<p><iframe class=\"wp-embedded-content\" sandbox=\"allow-scripts\" security=\"restricted\" style=\"position: absolute; visibility: hidden;\" title=\"\u00abVacante: T\u00e9cnico para Administraci\u00f3n de Cluster de Bioinform\u00e1tica\u00bb \u2014 INDICATIC AIP\" src=\"https:\/\/indicatic.org.pa\/vacante-tecnico-para-administracion-de-cluster-de-bioinformatica\/embed\/#?secret=HJusXiTDY0#?secret=gYEH5L5B5L\" data-secret=\"gYEH5L5B5L\" width=\"600\" height=\"338\" frameborder=\"0\" marginwidth=\"0\" marginheight=\"0\" scrolling=\"no\"><\/iframe><\/div>","protected":false},"excerpt":{"rendered":"<p>https:\/\/indicatic.org.pa\/vacante-tecnico-para-administracion-de-cluster-de-bioinformatica\/ La Secretar\u00eda Nacional de Ciencia, Tecnolog\u00eda e Innovaci\u00f3n (SENACYT) abre sus convocatorias p\u00fablicas para proyectos y talleres que promuevan el fortalecimiento del aprendizaje en ciencia y tecnolog\u00eda. La fecha &hellip; <\/p>\n<p class=\"more-link-wrap\"><a href=\"https:\/\/indicatic.org.pa\/en\/senacyt-convocatorias-para-proyectos-y-talleres-en-ciencia-y-tecnologia\/\" class=\"more-link\"><span>Read More<span class=\"screen-reader-text\"> \u00abSENACYT Anuncia Convocatorias P\u00fablicas para Proyectos y Talleres en Ciencia y Tecnolog\u00eda\u00bb<\/span><\/span><i class=\"opal-icon-arrow-right\" aria-hidden=\"true\"><\/i><\/a><\/p>","protected":false},"author":3,"featured_media":8594,"comment_status":"closed","ping_status":"closed","sticky":false,"template":"","format":"standard","meta":{"_acf_changed":false,"inline_featured_image":false,"wpupg_custom_link":[],"wpupg_custom_link_behaviour":["default"],"wpupg_custom_link_nofollow":["default"],"wpupg_custom_image":[],"wpupg_custom_image_id":[],"_price":"","_stock":"","_tribe_ticket_header":"","_tribe_default_ticket_provider":"","_tribe_ticket_capacity":"0","_ticket_start_date":"","_ticket_end_date":"","_tribe_ticket_show_description":"","_tribe_ticket_show_not_going":false,"_tribe_ticket_use_global_stock":"","_tribe_ticket_global_stock_level":"","_global_stock_mode":"","_global_stock_cap":"","_tribe_rsvp_for_event":"","_tribe_ticket_going_count":"","_tribe_ticket_not_going_count":"","_tribe_tickets_list":"[]","_tribe_ticket_has_attendee_info_fields":false,"footnotes":""},"categories":[38],"tags":[],"class_list":["post-8587","post","type-post","status-publish","format-standard","has-post-thumbnail","hentry","category-articulos-de-prensa"],"acf":[],"yoast_head":"<!-- This site is optimized with the Yoast SEO plugin v27.5 - https:\/\/yoast.com\/product\/yoast-seo-wordpress\/ -->\n<title>Convocatorias P\u00fablicas SENACYT para proyectos y talleres CYT<\/title>\n<meta name=\"description\" content=\"SENACYT abre sus convocatorias p\u00fablicas para proyectos y talleres que promuevan el fortalecimiento del aprendizaje en ciencia y tecnolog\u00eda.\" \/>\n<meta name=\"robots\" content=\"index, follow, max-snippet:-1, max-image-preview:large, max-video-preview:-1\" \/>\n<link rel=\"canonical\" href=\"https:\/\/indicatic.org.pa\/en\/senacyt-convocatorias-para-proyectos-y-talleres-en-ciencia-y-tecnologia\/\" \/>\n<meta property=\"og:locale\" content=\"en_US\" \/>\n<meta property=\"og:type\" content=\"article\" \/>\n<meta property=\"og:title\" content=\"Convocatorias P\u00fablicas SENACYT para proyectos y talleres CYT\" \/>\n<meta property=\"og:description\" content=\"SENACYT abre sus convocatorias p\u00fablicas para proyectos y talleres que promuevan el fortalecimiento del aprendizaje en ciencia y tecnolog\u00eda.\" \/>\n<meta property=\"og:url\" content=\"https:\/\/indicatic.org.pa\/en\/senacyt-convocatorias-para-proyectos-y-talleres-en-ciencia-y-tecnologia\/\" \/>\n<meta property=\"og:site_name\" content=\"INDICATIC AIP\" \/>\n<meta property=\"article:publisher\" content=\"https:\/\/www.facebook.com\/indicaticaip\" \/>\n<meta property=\"article:published_time\" content=\"2025-03-20T20:51:08+00:00\" \/>\n<meta property=\"article:modified_time\" content=\"2025-03-31T18:31:38+00:00\" \/>\n<meta property=\"og:image\" content=\"https:\/\/indicatic.org.pa\/wp-content\/uploads\/2025\/03\/pexels-vanessa-loring-7869084-scaled.jpg\" \/>\n\t<meta property=\"og:image:width\" content=\"2560\" \/>\n\t<meta property=\"og:image:height\" content=\"1707\" \/>\n\t<meta property=\"og:image:type\" content=\"image\/jpeg\" \/>\n<meta name=\"author\" content=\"INDICATIC AIP\" \/>\n<meta name=\"twitter:card\" content=\"summary_large_image\" \/>\n<meta name=\"twitter:creator\" content=\"@indicaticaip\" \/>\n<meta name=\"twitter:site\" content=\"@indicaticaip\" \/>\n<meta name=\"twitter:label1\" content=\"Written by\" \/>\n\t<meta name=\"twitter:data1\" content=\"INDICATIC AIP\" \/>\n\t<meta name=\"twitter:label2\" content=\"Est. reading time\" \/>\n\t<meta name=\"twitter:data2\" content=\"2 minutes\" \/>\n<script type=\"application\/ld+json\" class=\"yoast-schema-graph\">{\"@context\":\"https:\\\/\\\/schema.org\",\"@graph\":[{\"@type\":\"Article\",\"@id\":\"https:\\\/\\\/indicatic.org.pa\\\/senacyt-convocatorias-para-proyectos-y-talleres-en-ciencia-y-tecnologia\\\/#article\",\"isPartOf\":{\"@id\":\"https:\\\/\\\/indicatic.org.pa\\\/senacyt-convocatorias-para-proyectos-y-talleres-en-ciencia-y-tecnologia\\\/\"},\"author\":{\"name\":\"INDICATIC AIP\",\"@id\":\"https:\\\/\\\/indicatic.org.pa\\\/#\\\/schema\\\/person\\\/4984c67e5f5c2862528826e05d13d73a\"},\"headline\":\"SENACYT Anuncia Convocatorias P\u00fablicas para Proyectos y Talleres en Ciencia y Tecnolog\u00eda\",\"datePublished\":\"2025-03-20T20:51:08+00:00\",\"dateModified\":\"2025-03-31T18:31:38+00:00\",\"mainEntityOfPage\":{\"@id\":\"https:\\\/\\\/indicatic.org.pa\\\/senacyt-convocatorias-para-proyectos-y-talleres-en-ciencia-y-tecnologia\\\/\"},\"wordCount\":245,\"publisher\":{\"@id\":\"https:\\\/\\\/indicatic.org.pa\\\/#organization\"},\"image\":{\"@id\":\"https:\\\/\\\/indicatic.org.pa\\\/senacyt-convocatorias-para-proyectos-y-talleres-en-ciencia-y-tecnologia\\\/#primaryimage\"},\"thumbnailUrl\":\"https:\\\/\\\/indicatic.org.pa\\\/wp-content\\\/uploads\\\/2025\\\/03\\\/pexels-vanessa-loring-7869084-scaled.jpg\",\"articleSection\":[\"Art\u00edculos de prensa\"],\"inLanguage\":\"en-US\"},{\"@type\":\"WebPage\",\"@id\":\"https:\\\/\\\/indicatic.org.pa\\\/senacyt-convocatorias-para-proyectos-y-talleres-en-ciencia-y-tecnologia\\\/\",\"url\":\"https:\\\/\\\/indicatic.org.pa\\\/senacyt-convocatorias-para-proyectos-y-talleres-en-ciencia-y-tecnologia\\\/\",\"name\":\"Convocatorias P\u00fablicas SENACYT para proyectos y talleres CYT\",\"isPartOf\":{\"@id\":\"https:\\\/\\\/indicatic.org.pa\\\/#website\"},\"primaryImageOfPage\":{\"@id\":\"https:\\\/\\\/indicatic.org.pa\\\/senacyt-convocatorias-para-proyectos-y-talleres-en-ciencia-y-tecnologia\\\/#primaryimage\"},\"image\":{\"@id\":\"https:\\\/\\\/indicatic.org.pa\\\/senacyt-convocatorias-para-proyectos-y-talleres-en-ciencia-y-tecnologia\\\/#primaryimage\"},\"thumbnailUrl\":\"https:\\\/\\\/indicatic.org.pa\\\/wp-content\\\/uploads\\\/2025\\\/03\\\/pexels-vanessa-loring-7869084-scaled.jpg\",\"datePublished\":\"2025-03-20T20:51:08+00:00\",\"dateModified\":\"2025-03-31T18:31:38+00:00\",\"description\":\"SENACYT abre sus convocatorias p\u00fablicas para proyectos y talleres que promuevan el fortalecimiento del aprendizaje en ciencia y tecnolog\u00eda.\",\"breadcrumb\":{\"@id\":\"https:\\\/\\\/indicatic.org.pa\\\/senacyt-convocatorias-para-proyectos-y-talleres-en-ciencia-y-tecnologia\\\/#breadcrumb\"},\"inLanguage\":\"en-US\",\"potentialAction\":[{\"@type\":\"ReadAction\",\"target\":[\"https:\\\/\\\/indicatic.org.pa\\\/senacyt-convocatorias-para-proyectos-y-talleres-en-ciencia-y-tecnologia\\\/\"]}]},{\"@type\":\"ImageObject\",\"inLanguage\":\"en-US\",\"@id\":\"https:\\\/\\\/indicatic.org.pa\\\/senacyt-convocatorias-para-proyectos-y-talleres-en-ciencia-y-tecnologia\\\/#primaryimage\",\"url\":\"https:\\\/\\\/indicatic.org.pa\\\/wp-content\\\/uploads\\\/2025\\\/03\\\/pexels-vanessa-loring-7869084-scaled.jpg\",\"contentUrl\":\"https:\\\/\\\/indicatic.org.pa\\\/wp-content\\\/uploads\\\/2025\\\/03\\\/pexels-vanessa-loring-7869084-scaled.jpg\",\"width\":2560,\"height\":1707,\"caption\":\"l objetivo es mejorar la formaci\u00f3n de estudiantes y alinearse con las pol\u00edticas educativas nacionales en \u00e1reas como las ciencias sociales y la educaci\u00f3n.\"},{\"@type\":\"BreadcrumbList\",\"@id\":\"https:\\\/\\\/indicatic.org.pa\\\/senacyt-convocatorias-para-proyectos-y-talleres-en-ciencia-y-tecnologia\\\/#breadcrumb\",\"itemListElement\":[{\"@type\":\"ListItem\",\"position\":1,\"name\":\"Portada\",\"item\":\"https:\\\/\\\/indicatic.org.pa\\\/\"},{\"@type\":\"ListItem\",\"position\":2,\"name\":\"SENACYT Anuncia Convocatorias P\u00fablicas para Proyectos y Talleres en Ciencia y Tecnolog\u00eda\"}]},{\"@type\":\"WebSite\",\"@id\":\"https:\\\/\\\/indicatic.org.pa\\\/#website\",\"url\":\"https:\\\/\\\/indicatic.org.pa\\\/\",\"name\":\"INDICATIC AIP\",\"description\":\"Instituto Nacional de Investigaciones Cient\u00edficas Avanzadas en Tecnolog\u00edas de Informaci\u00f3n y Comunicaci\u00f3n\",\"publisher\":{\"@id\":\"https:\\\/\\\/indicatic.org.pa\\\/#organization\"},\"potentialAction\":[{\"@type\":\"SearchAction\",\"target\":{\"@type\":\"EntryPoint\",\"urlTemplate\":\"https:\\\/\\\/indicatic.org.pa\\\/?s={search_term_string}\"},\"query-input\":{\"@type\":\"PropertyValueSpecification\",\"valueRequired\":true,\"valueName\":\"search_term_string\"}}],\"inLanguage\":\"en-US\"},{\"@type\":\"Organization\",\"@id\":\"https:\\\/\\\/indicatic.org.pa\\\/#organization\",\"name\":\"INDICATIC AIP\",\"url\":\"https:\\\/\\\/indicatic.org.pa\\\/\",\"logo\":{\"@type\":\"ImageObject\",\"inLanguage\":\"en-US\",\"@id\":\"https:\\\/\\\/indicatic.org.pa\\\/#\\\/schema\\\/logo\\\/image\\\/\",\"url\":\"https:\\\/\\\/indicatic.org.pa\\\/wp-content\\\/uploads\\\/2023\\\/11\\\/LOGO-INDICATIC-AIP.png\",\"contentUrl\":\"https:\\\/\\\/indicatic.org.pa\\\/wp-content\\\/uploads\\\/2023\\\/11\\\/LOGO-INDICATIC-AIP.png\",\"width\":1600,\"height\":427,\"caption\":\"INDICATIC AIP\"},\"image\":{\"@id\":\"https:\\\/\\\/indicatic.org.pa\\\/#\\\/schema\\\/logo\\\/image\\\/\"},\"sameAs\":[\"https:\\\/\\\/www.facebook.com\\\/indicaticaip\",\"https:\\\/\\\/x.com\\\/indicaticaip\"]},{\"@type\":\"Person\",\"@id\":\"https:\\\/\\\/indicatic.org.pa\\\/#\\\/schema\\\/person\\\/4984c67e5f5c2862528826e05d13d73a\",\"name\":\"INDICATIC AIP\",\"image\":{\"@type\":\"ImageObject\",\"inLanguage\":\"en-US\",\"@id\":\"https:\\\/\\\/secure.gravatar.com\\\/avatar\\\/bc4c93cb6b625eab4198ae7208f6c19adc9dd37e90f64e104a6ad4a57c78fab0?s=96&d=mm&r=g\",\"url\":\"https:\\\/\\\/secure.gravatar.com\\\/avatar\\\/bc4c93cb6b625eab4198ae7208f6c19adc9dd37e90f64e104a6ad4a57c78fab0?s=96&d=mm&r=g\",\"contentUrl\":\"https:\\\/\\\/secure.gravatar.com\\\/avatar\\\/bc4c93cb6b625eab4198ae7208f6c19adc9dd37e90f64e104a6ad4a57c78fab0?s=96&d=mm&r=g\",\"caption\":\"INDICATIC AIP\"},\"url\":\"https:\\\/\\\/indicatic.org.pa\\\/en\\\/author\\\/indicatic_aip_user\\\/\"}]}<\/script>\n<!-- \/ Yoast SEO plugin. -->","yoast_head_json":{"title":"Convocatorias P\u00fablicas SENACYT para proyectos y talleres CYT","description":"SENACYT abre sus convocatorias p\u00fablicas para proyectos y talleres que promuevan el fortalecimiento del aprendizaje en ciencia y tecnolog\u00eda.","robots":{"index":"index","follow":"follow","max-snippet":"max-snippet:-1","max-image-preview":"max-image-preview:large","max-video-preview":"max-video-preview:-1"},"canonical":"https:\/\/indicatic.org.pa\/en\/senacyt-convocatorias-para-proyectos-y-talleres-en-ciencia-y-tecnologia\/","og_locale":"en_US","og_type":"article","og_title":"Convocatorias P\u00fablicas SENACYT para proyectos y talleres CYT","og_description":"SENACYT abre sus convocatorias p\u00fablicas para proyectos y talleres que promuevan el fortalecimiento del aprendizaje en ciencia y tecnolog\u00eda.","og_url":"https:\/\/indicatic.org.pa\/en\/senacyt-convocatorias-para-proyectos-y-talleres-en-ciencia-y-tecnologia\/","og_site_name":"INDICATIC AIP","article_publisher":"https:\/\/www.facebook.com\/indicaticaip","article_published_time":"2025-03-20T20:51:08+00:00","article_modified_time":"2025-03-31T18:31:38+00:00","og_image":[{"width":2560,"height":1707,"url":"https:\/\/indicatic.org.pa\/wp-content\/uploads\/2025\/03\/pexels-vanessa-loring-7869084-scaled.jpg","type":"image\/jpeg"}],"author":"INDICATIC AIP","twitter_card":"summary_large_image","twitter_creator":"@indicaticaip","twitter_site":"@indicaticaip","twitter_misc":{"Written by":"INDICATIC AIP","Est. reading time":"2 minutes"},"schema":{"@context":"https:\/\/schema.org","@graph":[{"@type":"Article","@id":"https:\/\/indicatic.org.pa\/senacyt-convocatorias-para-proyectos-y-talleres-en-ciencia-y-tecnologia\/#article","isPartOf":{"@id":"https:\/\/indicatic.org.pa\/senacyt-convocatorias-para-proyectos-y-talleres-en-ciencia-y-tecnologia\/"},"author":{"name":"INDICATIC AIP","@id":"https:\/\/indicatic.org.pa\/#\/schema\/person\/4984c67e5f5c2862528826e05d13d73a"},"headline":"SENACYT Anuncia Convocatorias P\u00fablicas para Proyectos y Talleres en Ciencia y Tecnolog\u00eda","datePublished":"2025-03-20T20:51:08+00:00","dateModified":"2025-03-31T18:31:38+00:00","mainEntityOfPage":{"@id":"https:\/\/indicatic.org.pa\/senacyt-convocatorias-para-proyectos-y-talleres-en-ciencia-y-tecnologia\/"},"wordCount":245,"publisher":{"@id":"https:\/\/indicatic.org.pa\/#organization"},"image":{"@id":"https:\/\/indicatic.org.pa\/senacyt-convocatorias-para-proyectos-y-talleres-en-ciencia-y-tecnologia\/#primaryimage"},"thumbnailUrl":"https:\/\/indicatic.org.pa\/wp-content\/uploads\/2025\/03\/pexels-vanessa-loring-7869084-scaled.jpg","articleSection":["Art\u00edculos de prensa"],"inLanguage":"en-US"},{"@type":"WebPage","@id":"https:\/\/indicatic.org.pa\/senacyt-convocatorias-para-proyectos-y-talleres-en-ciencia-y-tecnologia\/","url":"https:\/\/indicatic.org.pa\/senacyt-convocatorias-para-proyectos-y-talleres-en-ciencia-y-tecnologia\/","name":"Convocatorias P\u00fablicas SENACYT para proyectos y talleres CYT","isPartOf":{"@id":"https:\/\/indicatic.org.pa\/#website"},"primaryImageOfPage":{"@id":"https:\/\/indicatic.org.pa\/senacyt-convocatorias-para-proyectos-y-talleres-en-ciencia-y-tecnologia\/#primaryimage"},"image":{"@id":"https:\/\/indicatic.org.pa\/senacyt-convocatorias-para-proyectos-y-talleres-en-ciencia-y-tecnologia\/#primaryimage"},"thumbnailUrl":"https:\/\/indicatic.org.pa\/wp-content\/uploads\/2025\/03\/pexels-vanessa-loring-7869084-scaled.jpg","datePublished":"2025-03-20T20:51:08+00:00","dateModified":"2025-03-31T18:31:38+00:00","description":"SENACYT abre sus convocatorias p\u00fablicas para proyectos y talleres que promuevan el fortalecimiento del aprendizaje en ciencia y tecnolog\u00eda.","breadcrumb":{"@id":"https:\/\/indicatic.org.pa\/senacyt-convocatorias-para-proyectos-y-talleres-en-ciencia-y-tecnologia\/#breadcrumb"},"inLanguage":"en-US","potentialAction":[{"@type":"ReadAction","target":["https:\/\/indicatic.org.pa\/senacyt-convocatorias-para-proyectos-y-talleres-en-ciencia-y-tecnologia\/"]}]},{"@type":"ImageObject","inLanguage":"en-US","@id":"https:\/\/indicatic.org.pa\/senacyt-convocatorias-para-proyectos-y-talleres-en-ciencia-y-tecnologia\/#primaryimage","url":"https:\/\/indicatic.org.pa\/wp-content\/uploads\/2025\/03\/pexels-vanessa-loring-7869084-scaled.jpg","contentUrl":"https:\/\/indicatic.org.pa\/wp-content\/uploads\/2025\/03\/pexels-vanessa-loring-7869084-scaled.jpg","width":2560,"height":1707,"caption":"l objetivo es mejorar la formaci\u00f3n de estudiantes y alinearse con las pol\u00edticas educativas nacionales en \u00e1reas como las ciencias sociales y la educaci\u00f3n."},{"@type":"BreadcrumbList","@id":"https:\/\/indicatic.org.pa\/senacyt-convocatorias-para-proyectos-y-talleres-en-ciencia-y-tecnologia\/#breadcrumb","itemListElement":[{"@type":"ListItem","position":1,"name":"Portada","item":"https:\/\/indicatic.org.pa\/"},{"@type":"ListItem","position":2,"name":"SENACYT Anuncia Convocatorias P\u00fablicas para Proyectos y Talleres en Ciencia y Tecnolog\u00eda"}]},{"@type":"WebSite","@id":"https:\/\/indicatic.org.pa\/#website","url":"https:\/\/indicatic.org.pa\/","name":"INDICATIC AIP","description":"National Institute for Advanced Scientific Research in Information and Communication Technologies","publisher":{"@id":"https:\/\/indicatic.org.pa\/#organization"},"potentialAction":[{"@type":"SearchAction","target":{"@type":"EntryPoint","urlTemplate":"https:\/\/indicatic.org.pa\/?s={search_term_string}"},"query-input":{"@type":"PropertyValueSpecification","valueRequired":true,"valueName":"search_term_string"}}],"inLanguage":"en-US"},{"@type":"Organization","@id":"https:\/\/indicatic.org.pa\/#organization","name":"INDICATIC AIP","url":"https:\/\/indicatic.org.pa\/","logo":{"@type":"ImageObject","inLanguage":"en-US","@id":"https:\/\/indicatic.org.pa\/#\/schema\/logo\/image\/","url":"https:\/\/indicatic.org.pa\/wp-content\/uploads\/2023\/11\/LOGO-INDICATIC-AIP.png","contentUrl":"https:\/\/indicatic.org.pa\/wp-content\/uploads\/2023\/11\/LOGO-INDICATIC-AIP.png","width":1600,"height":427,"caption":"INDICATIC AIP"},"image":{"@id":"https:\/\/indicatic.org.pa\/#\/schema\/logo\/image\/"},"sameAs":["https:\/\/www.facebook.com\/indicaticaip","https:\/\/x.com\/indicaticaip"]},{"@type":"Person","@id":"https:\/\/indicatic.org.pa\/#\/schema\/person\/4984c67e5f5c2862528826e05d13d73a","name":"INDICATIC AIP","image":{"@type":"ImageObject","inLanguage":"en-US","@id":"https:\/\/secure.gravatar.com\/avatar\/bc4c93cb6b625eab4198ae7208f6c19adc9dd37e90f64e104a6ad4a57c78fab0?s=96&d=mm&r=g","url":"https:\/\/secure.gravatar.com\/avatar\/bc4c93cb6b625eab4198ae7208f6c19adc9dd37e90f64e104a6ad4a57c78fab0?s=96&d=mm&r=g","contentUrl":"https:\/\/secure.gravatar.com\/avatar\/bc4c93cb6b625eab4198ae7208f6c19adc9dd37e90f64e104a6ad4a57c78fab0?s=96&d=mm&r=g","caption":"INDICATIC AIP"},"url":"https:\/\/indicatic.org.pa\/en\/author\/indicatic_aip_user\/"}]}},"_links":{"self":[{"href":"https:\/\/indicatic.org.pa\/en\/wp-json\/wp\/v2\/posts\/8587","targetHints":{"allow":["GET"]}}],"collection":[{"href":"https:\/\/indicatic.org.pa\/en\/wp-json\/wp\/v2\/posts"}],"about":[{"href":"https:\/\/indicatic.org.pa\/en\/wp-json\/wp\/v2\/types\/post"}],"author":[{"embeddable":true,"href":"https:\/\/indicatic.org.pa\/en\/wp-json\/wp\/v2\/users\/3"}],"replies":[{"embeddable":true,"href":"https:\/\/indicatic.org.pa\/en\/wp-json\/wp\/v2\/comments?post=8587"}],"version-history":[{"count":3,"href":"https:\/\/indicatic.org.pa\/en\/wp-json\/wp\/v2\/posts\/8587\/revisions"}],"predecessor-version":[{"id":8591,"href":"https:\/\/indicatic.org.pa\/en\/wp-json\/wp\/v2\/posts\/8587\/revisions\/8591"}],"wp:featuredmedia":[{"embeddable":true,"href":"https:\/\/indicatic.org.pa\/en\/wp-json\/wp\/v2\/media\/8594"}],"wp:attachment":[{"href":"https:\/\/indicatic.org.pa\/en\/wp-json\/wp\/v2\/media?parent=8587"}],"wp:term":[{"taxonomy":"category","embeddable":true,"href":"https:\/\/indicatic.org.pa\/en\/wp-json\/wp\/v2\/categories?post=8587"},{"taxonomy":"post_tag","embeddable":true,"href":"https:\/\/indicatic.org.pa\/en\/wp-json\/wp\/v2\/tags?post=8587"}],"curies":[{"name":"wp","href":"https:\/\/api.w.org\/{rel}","templated":true}]}}