{"id":10614,"date":"2026-08-21T22:54:31","date_gmt":"2026-08-22T03:54:31","guid":{"rendered":"https:\/\/indicatic.org.pa\/?p=10614"},"modified":"2026-09-01T18:12:38","modified_gmt":"2026-09-01T23:12:38","slug":"indicatic-aip-foro-servicios-publicos-asamblea-nacional","status":"publish","type":"post","link":"https:\/\/indicatic.org.pa\/en\/indicatic-aip-foro-servicios-publicos-asamblea-nacional\/","title":{"rendered":"INDICATIC AIP participa en el Foro de Servicios P\u00fablicos: Educaci\u00f3n, Salud y Agua"},"content":{"rendered":"<p dir=\"ltr\">\n<p dir=\"ltr\">El Instituto Nacional de Investigaciones Cient\u00edficas Avanzadas en Tecnolog\u00edas de Informaci\u00f3n y Comunicaci\u00f3n (INDICATIC AIP), particip\u00f3 el jueves 20 de agosto en el Foro de Servicios P\u00fablicos: Educaci\u00f3n, Salud y Agua, realizado en el Auditorio Carlos \u00abTiti\u00bb Alvarado de la Asamblea Nacional de Panam\u00e1. El encuentro fue organizado por el despacho del H.D. Miguel \u00c1ngel Campos Lima junto al Centro Internacional de Estudios Pol\u00edticos y Sociales (CIEPS-AIP), con el prop\u00f3sito de analizar los principales desaf\u00edos que enfrenta el pa\u00eds en la prestaci\u00f3n de estos tres servicios esenciales.<\/p>\n<h2>Un espacio de di\u00e1logo entre la academia y la Asamblea Nacional<\/h2>\n<p dir=\"ltr\">El foro se realiz\u00f3 en el marco de la constituci\u00f3n de CIEPS-AIP como Centro de Pensamiento, y reuni\u00f3 a representantes de diversos sectores para analizar los principales desaf\u00edos y oportunidades en la prestaci\u00f3n de servicios p\u00fablicos, con miras a fortalecer las pol\u00edticas p\u00fablicas y el desarrollo sostenible del pa\u00eds.<\/p>\n<h2 dir=\"ltr\">La participaci\u00f3n de INDICATIC AIP<\/h2>\n<p dir=\"ltr\">INDICATIC AIP fue invitada formalmente por el despacho del H.D. Campos Lima. Su director, Philippe Aniort\u00e9, asisti\u00f3 al foro en representaci\u00f3n del instituto y de la UTP, sum\u00e1ndose as\u00ed a investigadores, acad\u00e9micos y representantes institucionales que compartieron conocimientos y propuestas sobre educaci\u00f3n, salud y agua.<\/p>\n<p dir=\"ltr\">Para INDICATIC AIP, instituto dedicado a la investigaci\u00f3n cient\u00edfica avanzada en tecnolog\u00edas de informaci\u00f3n y comunicaci\u00f3n, este tipo de espacios reafirma la importancia de vincular la investigaci\u00f3n acad\u00e9mica con la formulaci\u00f3n de pol\u00edticas p\u00fablicas basadas en evidencia.<\/p>\n<p dir=\"ltr\"><a href=\"https:\/\/indicatic.org.pa\/en\/indicatic-aip-foro-servicios-publicos-asamblea-nacional\/whatsapp-image-2026-08-21-at-3-30-54-pm\/\" rel=\"attachment wp-att-10616\"><img fetchpriority=\"high\" decoding=\"async\" class=\"alignnone size-full wp-image-10616\" title=\"INDICATIC AIP foro servicios p\u00fablicos\" src=\"https:\/\/indicatic.org.pa\/wp-content\/uploads\/2026\/09\/WhatsApp-Image-2026-08-21-at-3.30.54-PM.jpeg\" alt=\"Manuel Alc\u00e1ntara, director de CIEPS-AIP, en el Foro de Servicios P\u00fablicos\" width=\"1200\" height=\"1600\" srcset=\"https:\/\/indicatic.org.pa\/wp-content\/uploads\/2026\/09\/WhatsApp-Image-2026-08-21-at-3.30.54-PM.jpeg 1200w, https:\/\/indicatic.org.pa\/wp-content\/uploads\/2026\/09\/WhatsApp-Image-2026-08-21-at-3.30.54-PM-450x600.jpeg 450w, https:\/\/indicatic.org.pa\/wp-content\/uploads\/2026\/09\/WhatsApp-Image-2026-08-21-at-3.30.54-PM-768x1024.jpeg 768w, https:\/\/indicatic.org.pa\/wp-content\/uploads\/2026\/09\/WhatsApp-Image-2026-08-21-at-3.30.54-PM-1152x1536.jpeg 1152w, https:\/\/indicatic.org.pa\/wp-content\/uploads\/2026\/09\/WhatsApp-Image-2026-08-21-at-3.30.54-PM-9x12.jpeg 9w, https:\/\/indicatic.org.pa\/wp-content\/uploads\/2026\/09\/WhatsApp-Image-2026-08-21-at-3.30.54-PM-700x933.jpeg 700w\" sizes=\"(max-width: 1200px) 100vw, 1200px\" \/><\/a><\/p>\n<h2 dir=\"ltr\">Sobre el Centro Internacional de Estudios Pol\u00edticos y Sociales (CIEPS-AIP)<\/h2>\n<p dir=\"ltr\">CIEPS-AIP es dirigido por el Dr. Manuel Alc\u00e1ntara, polit\u00f3logo de trayectoria internacional. El foro se enmarc\u00f3 precisamente en la constituci\u00f3n de CIEPS-AIP como Centro de Pensamiento, orientado a la investigaci\u00f3n, el an\u00e1lisis y la generaci\u00f3n de evidencia para fortalecer las pol\u00edticas p\u00fablicas en Panam\u00e1.<\/p>\n<p dir=\"ltr\">La participaci\u00f3n de INDICATIC AIP en este foro reafirma su compromiso con los espacios de di\u00e1logo entre la academia, los centros de pensamiento y la institucionalidad, en favor de pol\u00edticas p\u00fablicas basadas en evidencia para Panam\u00e1.<\/p>\n<h1 dir=\"ltr\">You may also be interested in:<\/h1>\n<div class=\"embed-container\">\n<blockquote class=\"wp-embedded-content\" data-secret=\"8gMwRxpUKE\"><p><a href=\"https:\/\/indicatic.org.pa\/en\/agenda-nacional-tecnologias-avanzadas-panama-indicatic-aip\/\">La Agenda Nacional de Tecnolog\u00edas Avanzadas: cuando la pol\u00edtica p\u00fablica y la investigaci\u00f3n cient\u00edfica van en la misma direcci\u00f3n<\/a><\/p><\/blockquote>\n<p><iframe class=\"wp-embedded-content\" sandbox=\"allow-scripts\" security=\"restricted\" style=\"position: absolute; visibility: hidden;\" title=\"\u00abLa Agenda Nacional de Tecnolog\u00edas Avanzadas: cuando la pol\u00edtica p\u00fablica y la investigaci\u00f3n cient\u00edfica van en la misma direcci\u00f3n\u00bb \u2014 INDICATIC AIP\" src=\"https:\/\/indicatic.org.pa\/agenda-nacional-tecnologias-avanzadas-panama-indicatic-aip\/embed\/#?secret=zOtw24B8fR#?secret=8gMwRxpUKE\" data-secret=\"8gMwRxpUKE\" width=\"600\" height=\"338\" frameborder=\"0\" marginwidth=\"0\" marginheight=\"0\" scrolling=\"no\"><\/iframe><\/div>","protected":false},"excerpt":{"rendered":"<p>El Instituto Nacional de Investigaciones Cient\u00edficas Avanzadas en Tecnolog\u00edas de Informaci\u00f3n y Comunicaci\u00f3n (INDICATIC AIP), particip\u00f3 el jueves 20 de agosto en el Foro de Servicios P\u00fablicos: Educaci\u00f3n, Salud y &hellip; <\/p>\n<p class=\"more-link-wrap\"><a href=\"https:\/\/indicatic.org.pa\/en\/indicatic-aip-foro-servicios-publicos-asamblea-nacional\/\" class=\"more-link\"><span>Read More<span class=\"screen-reader-text\"> \u00abINDICATIC AIP participa en el Foro de Servicios P\u00fablicos: Educaci\u00f3n, Salud y Agua\u00bb<\/span><\/span><i class=\"opal-icon-arrow-right\" aria-hidden=\"true\"><\/i><\/a><\/p>","protected":false},"author":3,"featured_media":10615,"comment_status":"closed","ping_status":"closed","sticky":false,"template":"","format":"standard","meta":{"_acf_changed":false,"rs_blank_template":"","rs_page_bg_color":"","slide_template_v7":"","inline_featured_image":false,"wpupg_custom_link":[],"wpupg_custom_link_behaviour":["default"],"wpupg_custom_link_nofollow":["default"],"wpupg_custom_image":[],"wpupg_custom_image_id":[],"_thinkrank_schema_form_data":"","_thinkrank_selected_schema_type":"","_thinkrank_additional_schemas":"","_thinkrank_canonical_url":"","_thinkrank_og_title":"","_thinkrank_og_description":"","_thinkrank_og_image":"","_thinkrank_twitter_title":"","_thinkrank_twitter_description":"","_thinkrank_twitter_image":"","_thinkrank_imported_from":"","_thinkrank_focus_keywords":[],"_thinkrank_focus_keyword":"","_thinkrank_robots_meta_enabled":0,"_thinkrank_robots_meta":"[]","_thinkrank_advanced_robots_meta":"[]","_thinkrank_primary_category":0,"footnotes":""},"categories":[38],"tags":[266,267],"class_list":["post-10614","post","type-post","status-publish","format-standard","has-post-thumbnail","hentry","category-articulos-de-prensa","tag-cieps-aip-asamblea-nacional","tag-educacion-salud-y-agua-panama"],"acf":[],"yoast_head":"<!-- This site is optimized with the Yoast SEO plugin v28.4 - https:\/\/yoast.com\/product\/yoast-seo-wordpress\/ -->\n<title>INDICATIC AIP en el Foro de Servicios P\u00fablicos de la Asamblea<\/title>\n<meta name=\"description\" content=\"INDICATIC particip\u00f3 en el Foro de Servicios P\u00fablicos, en la Asamblea Nacional de Panam\u00e1, junto a CIEPS y el H.D. Campos Lima.\" \/>\n<meta name=\"robots\" content=\"index, follow, max-snippet:-1, max-image-preview:large, max-video-preview:-1\" \/>\n<link rel=\"canonical\" href=\"https:\/\/indicatic.org.pa\/en\/indicatic-aip-foro-servicios-publicos-asamblea-nacional\/\" \/>\n<meta property=\"og:locale\" content=\"en_US\" \/>\n<meta property=\"og:type\" content=\"article\" \/>\n<meta property=\"og:title\" content=\"INDICATIC AIP en el Foro de Servicios P\u00fablicos de la Asamblea\" \/>\n<meta property=\"og:description\" content=\"INDICATIC particip\u00f3 en el Foro de Servicios P\u00fablicos, en la Asamblea Nacional de Panam\u00e1, junto a CIEPS y el H.D. Campos Lima.\" \/>\n<meta property=\"og:url\" content=\"https:\/\/indicatic.org.pa\/en\/indicatic-aip-foro-servicios-publicos-asamblea-nacional\/\" \/>\n<meta property=\"og:site_name\" content=\"INDICATIC AIP\" \/>\n<meta property=\"article:publisher\" content=\"https:\/\/www.facebook.com\/indicaticaip\" \/>\n<meta property=\"article:published_time\" content=\"2026-08-22T03:54:31+00:00\" \/>\n<meta property=\"article:modified_time\" content=\"2026-09-01T23:12:38+00:00\" \/>\n<meta property=\"og:image\" content=\"https:\/\/indicatic.org.pa\/wp-content\/uploads\/2026\/09\/WhatsApp-Image-2026-08-21-at-3.29.08-PM.jpeg\" \/>\n\t<meta property=\"og:image:width\" content=\"1600\" \/>\n\t<meta property=\"og:image:height\" content=\"1200\" \/>\n\t<meta property=\"og:image:type\" content=\"image\/jpeg\" \/>\n<meta name=\"author\" content=\"INDICATIC AIP\" \/>\n<meta name=\"twitter:card\" content=\"summary_large_image\" \/>\n<meta name=\"twitter:creator\" content=\"@indicaticaip\" \/>\n<meta name=\"twitter:site\" content=\"@indicaticaip\" \/>\n<meta name=\"twitter:label1\" content=\"Written by\" \/>\n\t<meta name=\"twitter:data1\" content=\"INDICATIC AIP\" \/>\n\t<meta name=\"twitter:label2\" content=\"Est. reading time\" \/>\n\t<meta name=\"twitter:data2\" content=\"2 minutes\" \/>\n<script type=\"application\/ld+json\" class=\"yoast-schema-graph\">{\"@context\":\"https:\\\/\\\/schema.org\",\"@graph\":[{\"@type\":\"Article\",\"@id\":\"https:\\\/\\\/indicatic.org.pa\\\/indicatic-aip-foro-servicios-publicos-asamblea-nacional\\\/#article\",\"isPartOf\":{\"@id\":\"https:\\\/\\\/indicatic.org.pa\\\/indicatic-aip-foro-servicios-publicos-asamblea-nacional\\\/\"},\"author\":{\"name\":\"INDICATIC AIP\",\"@id\":\"https:\\\/\\\/indicatic.org.pa\\\/#\\\/schema\\\/person\\\/4984c67e5f5c2862528826e05d13d73a\"},\"headline\":\"INDICATIC AIP participa en el Foro de Servicios P\u00fablicos: Educaci\u00f3n, Salud y Agua\",\"datePublished\":\"2026-08-22T03:54:31+00:00\",\"dateModified\":\"2026-09-01T23:12:38+00:00\",\"mainEntityOfPage\":{\"@id\":\"https:\\\/\\\/indicatic.org.pa\\\/indicatic-aip-foro-servicios-publicos-asamblea-nacional\\\/\"},\"wordCount\":397,\"publisher\":{\"@id\":\"https:\\\/\\\/indicatic.org.pa\\\/#organization\"},\"image\":{\"@id\":\"https:\\\/\\\/indicatic.org.pa\\\/indicatic-aip-foro-servicios-publicos-asamblea-nacional\\\/#primaryimage\"},\"thumbnailUrl\":\"https:\\\/\\\/indicatic.org.pa\\\/wp-content\\\/uploads\\\/2026\\\/09\\\/WhatsApp-Image-2026-08-21-at-3.29.08-PM.jpeg\",\"keywords\":[\"CIEPS AIP Asamblea Nacional\",\"educaci\u00f3n salud y agua Panam\u00e1\"],\"articleSection\":[\"Art\u00edculos de prensa\"],\"inLanguage\":\"en-US\"},{\"@type\":\"WebPage\",\"@id\":\"https:\\\/\\\/indicatic.org.pa\\\/indicatic-aip-foro-servicios-publicos-asamblea-nacional\\\/\",\"url\":\"https:\\\/\\\/indicatic.org.pa\\\/indicatic-aip-foro-servicios-publicos-asamblea-nacional\\\/\",\"name\":\"INDICATIC AIP en el Foro de Servicios P\u00fablicos de la Asamblea\",\"isPartOf\":{\"@id\":\"https:\\\/\\\/indicatic.org.pa\\\/#website\"},\"primaryImageOfPage\":{\"@id\":\"https:\\\/\\\/indicatic.org.pa\\\/indicatic-aip-foro-servicios-publicos-asamblea-nacional\\\/#primaryimage\"},\"image\":{\"@id\":\"https:\\\/\\\/indicatic.org.pa\\\/indicatic-aip-foro-servicios-publicos-asamblea-nacional\\\/#primaryimage\"},\"thumbnailUrl\":\"https:\\\/\\\/indicatic.org.pa\\\/wp-content\\\/uploads\\\/2026\\\/09\\\/WhatsApp-Image-2026-08-21-at-3.29.08-PM.jpeg\",\"datePublished\":\"2026-08-22T03:54:31+00:00\",\"dateModified\":\"2026-09-01T23:12:38+00:00\",\"description\":\"INDICATIC particip\u00f3 en el Foro de Servicios P\u00fablicos, en la Asamblea Nacional de Panam\u00e1, junto a CIEPS y el H.D. Campos Lima.\",\"breadcrumb\":{\"@id\":\"https:\\\/\\\/indicatic.org.pa\\\/indicatic-aip-foro-servicios-publicos-asamblea-nacional\\\/#breadcrumb\"},\"inLanguage\":\"en-US\",\"potentialAction\":[{\"@type\":\"ReadAction\",\"target\":[\"https:\\\/\\\/indicatic.org.pa\\\/indicatic-aip-foro-servicios-publicos-asamblea-nacional\\\/\"]}]},{\"@type\":\"ImageObject\",\"inLanguage\":\"en-US\",\"@id\":\"https:\\\/\\\/indicatic.org.pa\\\/indicatic-aip-foro-servicios-publicos-asamblea-nacional\\\/#primaryimage\",\"url\":\"https:\\\/\\\/indicatic.org.pa\\\/wp-content\\\/uploads\\\/2026\\\/09\\\/WhatsApp-Image-2026-08-21-at-3.29.08-PM.jpeg\",\"contentUrl\":\"https:\\\/\\\/indicatic.org.pa\\\/wp-content\\\/uploads\\\/2026\\\/09\\\/WhatsApp-Image-2026-08-21-at-3.29.08-PM.jpeg\",\"width\":1600,\"height\":1200,\"caption\":\"INDICATIC AIP en el Foro de Servicios P\u00fablicos de la Asamblea Nacional de Panam\u00e1\"},{\"@type\":\"BreadcrumbList\",\"@id\":\"https:\\\/\\\/indicatic.org.pa\\\/indicatic-aip-foro-servicios-publicos-asamblea-nacional\\\/#breadcrumb\",\"itemListElement\":[{\"@type\":\"ListItem\",\"position\":1,\"name\":\"Portada\",\"item\":\"https:\\\/\\\/indicatic.org.pa\\\/\"},{\"@type\":\"ListItem\",\"position\":2,\"name\":\"INDICATIC AIP participa en el Foro de Servicios P\u00fablicos: Educaci\u00f3n, Salud y Agua\"}]},{\"@type\":\"WebSite\",\"@id\":\"https:\\\/\\\/indicatic.org.pa\\\/#website\",\"url\":\"https:\\\/\\\/indicatic.org.pa\\\/\",\"name\":\"INDICATIC AIP\",\"description\":\"Instituto Nacional de Investigaciones Cient\u00edficas Avanzadas en Tecnolog\u00edas de Informaci\u00f3n y Comunicaci\u00f3n\",\"publisher\":{\"@id\":\"https:\\\/\\\/indicatic.org.pa\\\/#organization\"},\"potentialAction\":[{\"@type\":\"SearchAction\",\"target\":{\"@type\":\"EntryPoint\",\"urlTemplate\":\"https:\\\/\\\/indicatic.org.pa\\\/?s={search_term_string}\"},\"query-input\":{\"@type\":\"PropertyValueSpecification\",\"valueRequired\":true,\"valueName\":\"search_term_string\"}}],\"inLanguage\":\"en-US\"},{\"@type\":\"Organization\",\"@id\":\"https:\\\/\\\/indicatic.org.pa\\\/#organization\",\"name\":\"INDICATIC AIP\",\"url\":\"https:\\\/\\\/indicatic.org.pa\\\/\",\"logo\":{\"@type\":\"ImageObject\",\"inLanguage\":\"en-US\",\"@id\":\"https:\\\/\\\/indicatic.org.pa\\\/#\\\/schema\\\/logo\\\/image\\\/\",\"url\":\"https:\\\/\\\/indicatic.org.pa\\\/wp-content\\\/uploads\\\/2023\\\/11\\\/LOGO-INDICATIC-AIP.png\",\"contentUrl\":\"https:\\\/\\\/indicatic.org.pa\\\/wp-content\\\/uploads\\\/2023\\\/11\\\/LOGO-INDICATIC-AIP.png\",\"width\":1600,\"height\":427,\"caption\":\"INDICATIC AIP\"},\"image\":{\"@id\":\"https:\\\/\\\/indicatic.org.pa\\\/#\\\/schema\\\/logo\\\/image\\\/\"},\"sameAs\":[\"https:\\\/\\\/www.facebook.com\\\/indicaticaip\",\"https:\\\/\\\/x.com\\\/indicaticaip\"]},{\"@type\":\"Person\",\"@id\":\"https:\\\/\\\/indicatic.org.pa\\\/#\\\/schema\\\/person\\\/4984c67e5f5c2862528826e05d13d73a\",\"name\":\"INDICATIC AIP\",\"image\":{\"@type\":\"ImageObject\",\"inLanguage\":\"en-US\",\"@id\":\"https:\\\/\\\/secure.gravatar.com\\\/avatar\\\/bc4c93cb6b625eab4198ae7208f6c19adc9dd37e90f64e104a6ad4a57c78fab0?s=96&d=mm&r=g\",\"url\":\"https:\\\/\\\/secure.gravatar.com\\\/avatar\\\/bc4c93cb6b625eab4198ae7208f6c19adc9dd37e90f64e104a6ad4a57c78fab0?s=96&d=mm&r=g\",\"contentUrl\":\"https:\\\/\\\/secure.gravatar.com\\\/avatar\\\/bc4c93cb6b625eab4198ae7208f6c19adc9dd37e90f64e104a6ad4a57c78fab0?s=96&d=mm&r=g\",\"caption\":\"INDICATIC AIP\"},\"url\":\"https:\\\/\\\/indicatic.org.pa\\\/en\\\/author\\\/indicatic_aip_user\\\/\"}]}<\/script>\n<!-- \/ Yoast SEO plugin. -->","yoast_head_json":{"title":"INDICATIC AIP en el Foro de Servicios P\u00fablicos de la Asamblea","description":"INDICATIC particip\u00f3 en el Foro de Servicios P\u00fablicos, en la Asamblea Nacional de Panam\u00e1, junto a CIEPS y el H.D. Campos Lima.","robots":{"index":"index","follow":"follow","max-snippet":"max-snippet:-1","max-image-preview":"max-image-preview:large","max-video-preview":"max-video-preview:-1"},"canonical":"https:\/\/indicatic.org.pa\/en\/indicatic-aip-foro-servicios-publicos-asamblea-nacional\/","og_locale":"en_US","og_type":"article","og_title":"INDICATIC AIP en el Foro de Servicios P\u00fablicos de la Asamblea","og_description":"INDICATIC particip\u00f3 en el Foro de Servicios P\u00fablicos, en la Asamblea Nacional de Panam\u00e1, junto a CIEPS y el H.D. Campos Lima.","og_url":"https:\/\/indicatic.org.pa\/en\/indicatic-aip-foro-servicios-publicos-asamblea-nacional\/","og_site_name":"INDICATIC AIP","article_publisher":"https:\/\/www.facebook.com\/indicaticaip","article_published_time":"2026-08-22T03:54:31+00:00","article_modified_time":"2026-09-01T23:12:38+00:00","og_image":[{"width":1600,"height":1200,"url":"https:\/\/indicatic.org.pa\/wp-content\/uploads\/2026\/09\/WhatsApp-Image-2026-08-21-at-3.29.08-PM.jpeg","type":"image\/jpeg"}],"author":"INDICATIC AIP","twitter_card":"summary_large_image","twitter_creator":"@indicaticaip","twitter_site":"@indicaticaip","twitter_misc":{"Written by":"INDICATIC AIP","Est. reading time":"2 minutes"},"schema":{"@context":"https:\/\/schema.org","@graph":[{"@type":"Article","@id":"https:\/\/indicatic.org.pa\/indicatic-aip-foro-servicios-publicos-asamblea-nacional\/#article","isPartOf":{"@id":"https:\/\/indicatic.org.pa\/indicatic-aip-foro-servicios-publicos-asamblea-nacional\/"},"author":{"name":"INDICATIC AIP","@id":"https:\/\/indicatic.org.pa\/#\/schema\/person\/4984c67e5f5c2862528826e05d13d73a"},"headline":"INDICATIC AIP participa en el Foro de Servicios P\u00fablicos: Educaci\u00f3n, Salud y Agua","datePublished":"2026-08-22T03:54:31+00:00","dateModified":"2026-09-01T23:12:38+00:00","mainEntityOfPage":{"@id":"https:\/\/indicatic.org.pa\/indicatic-aip-foro-servicios-publicos-asamblea-nacional\/"},"wordCount":397,"publisher":{"@id":"https:\/\/indicatic.org.pa\/#organization"},"image":{"@id":"https:\/\/indicatic.org.pa\/indicatic-aip-foro-servicios-publicos-asamblea-nacional\/#primaryimage"},"thumbnailUrl":"https:\/\/indicatic.org.pa\/wp-content\/uploads\/2026\/09\/WhatsApp-Image-2026-08-21-at-3.29.08-PM.jpeg","keywords":["CIEPS AIP Asamblea Nacional","educaci\u00f3n salud y agua Panam\u00e1"],"articleSection":["Art\u00edculos de prensa"],"inLanguage":"en-US"},{"@type":"WebPage","@id":"https:\/\/indicatic.org.pa\/indicatic-aip-foro-servicios-publicos-asamblea-nacional\/","url":"https:\/\/indicatic.org.pa\/indicatic-aip-foro-servicios-publicos-asamblea-nacional\/","name":"INDICATIC AIP en el Foro de Servicios P\u00fablicos de la Asamblea","isPartOf":{"@id":"https:\/\/indicatic.org.pa\/#website"},"primaryImageOfPage":{"@id":"https:\/\/indicatic.org.pa\/indicatic-aip-foro-servicios-publicos-asamblea-nacional\/#primaryimage"},"image":{"@id":"https:\/\/indicatic.org.pa\/indicatic-aip-foro-servicios-publicos-asamblea-nacional\/#primaryimage"},"thumbnailUrl":"https:\/\/indicatic.org.pa\/wp-content\/uploads\/2026\/09\/WhatsApp-Image-2026-08-21-at-3.29.08-PM.jpeg","datePublished":"2026-08-22T03:54:31+00:00","dateModified":"2026-09-01T23:12:38+00:00","description":"INDICATIC particip\u00f3 en el Foro de Servicios P\u00fablicos, en la Asamblea Nacional de Panam\u00e1, junto a CIEPS y el H.D. Campos Lima.","breadcrumb":{"@id":"https:\/\/indicatic.org.pa\/indicatic-aip-foro-servicios-publicos-asamblea-nacional\/#breadcrumb"},"inLanguage":"en-US","potentialAction":[{"@type":"ReadAction","target":["https:\/\/indicatic.org.pa\/indicatic-aip-foro-servicios-publicos-asamblea-nacional\/"]}]},{"@type":"ImageObject","inLanguage":"en-US","@id":"https:\/\/indicatic.org.pa\/indicatic-aip-foro-servicios-publicos-asamblea-nacional\/#primaryimage","url":"https:\/\/indicatic.org.pa\/wp-content\/uploads\/2026\/09\/WhatsApp-Image-2026-08-21-at-3.29.08-PM.jpeg","contentUrl":"https:\/\/indicatic.org.pa\/wp-content\/uploads\/2026\/09\/WhatsApp-Image-2026-08-21-at-3.29.08-PM.jpeg","width":1600,"height":1200,"caption":"INDICATIC AIP en el Foro de Servicios P\u00fablicos de la Asamblea Nacional de Panam\u00e1"},{"@type":"BreadcrumbList","@id":"https:\/\/indicatic.org.pa\/indicatic-aip-foro-servicios-publicos-asamblea-nacional\/#breadcrumb","itemListElement":[{"@type":"ListItem","position":1,"name":"Portada","item":"https:\/\/indicatic.org.pa\/"},{"@type":"ListItem","position":2,"name":"INDICATIC AIP participa en el Foro de Servicios P\u00fablicos: Educaci\u00f3n, Salud y Agua"}]},{"@type":"WebSite","@id":"https:\/\/indicatic.org.pa\/#website","url":"https:\/\/indicatic.org.pa\/","name":"INDICATIC AIP","description":"National Institute for Advanced Scientific Research in Information and Communication Technologies","publisher":{"@id":"https:\/\/indicatic.org.pa\/#organization"},"potentialAction":[{"@type":"SearchAction","target":{"@type":"EntryPoint","urlTemplate":"https:\/\/indicatic.org.pa\/?s={search_term_string}"},"query-input":{"@type":"PropertyValueSpecification","valueRequired":true,"valueName":"search_term_string"}}],"inLanguage":"en-US"},{"@type":"Organization","@id":"https:\/\/indicatic.org.pa\/#organization","name":"INDICATIC AIP","url":"https:\/\/indicatic.org.pa\/","logo":{"@type":"ImageObject","inLanguage":"en-US","@id":"https:\/\/indicatic.org.pa\/#\/schema\/logo\/image\/","url":"https:\/\/indicatic.org.pa\/wp-content\/uploads\/2023\/11\/LOGO-INDICATIC-AIP.png","contentUrl":"https:\/\/indicatic.org.pa\/wp-content\/uploads\/2023\/11\/LOGO-INDICATIC-AIP.png","width":1600,"height":427,"caption":"INDICATIC AIP"},"image":{"@id":"https:\/\/indicatic.org.pa\/#\/schema\/logo\/image\/"},"sameAs":["https:\/\/www.facebook.com\/indicaticaip","https:\/\/x.com\/indicaticaip"]},{"@type":"Person","@id":"https:\/\/indicatic.org.pa\/#\/schema\/person\/4984c67e5f5c2862528826e05d13d73a","name":"INDICATIC AIP","image":{"@type":"ImageObject","inLanguage":"en-US","@id":"https:\/\/secure.gravatar.com\/avatar\/bc4c93cb6b625eab4198ae7208f6c19adc9dd37e90f64e104a6ad4a57c78fab0?s=96&d=mm&r=g","url":"https:\/\/secure.gravatar.com\/avatar\/bc4c93cb6b625eab4198ae7208f6c19adc9dd37e90f64e104a6ad4a57c78fab0?s=96&d=mm&r=g","contentUrl":"https:\/\/secure.gravatar.com\/avatar\/bc4c93cb6b625eab4198ae7208f6c19adc9dd37e90f64e104a6ad4a57c78fab0?s=96&d=mm&r=g","caption":"INDICATIC AIP"},"url":"https:\/\/indicatic.org.pa\/en\/author\/indicatic_aip_user\/"}]}},"_links":{"self":[{"href":"https:\/\/indicatic.org.pa\/en\/wp-json\/wp\/v2\/posts\/10614","targetHints":{"allow":["GET"]}}],"collection":[{"href":"https:\/\/indicatic.org.pa\/en\/wp-json\/wp\/v2\/posts"}],"about":[{"href":"https:\/\/indicatic.org.pa\/en\/wp-json\/wp\/v2\/types\/post"}],"author":[{"embeddable":true,"href":"https:\/\/indicatic.org.pa\/en\/wp-json\/wp\/v2\/users\/3"}],"replies":[{"embeddable":true,"href":"https:\/\/indicatic.org.pa\/en\/wp-json\/wp\/v2\/comments?post=10614"}],"version-history":[{"count":5,"href":"https:\/\/indicatic.org.pa\/en\/wp-json\/wp\/v2\/posts\/10614\/revisions"}],"predecessor-version":[{"id":10621,"href":"https:\/\/indicatic.org.pa\/en\/wp-json\/wp\/v2\/posts\/10614\/revisions\/10621"}],"wp:featuredmedia":[{"embeddable":true,"href":"https:\/\/indicatic.org.pa\/en\/wp-json\/wp\/v2\/media\/10615"}],"wp:attachment":[{"href":"https:\/\/indicatic.org.pa\/en\/wp-json\/wp\/v2\/media?parent=10614"}],"wp:term":[{"taxonomy":"category","embeddable":true,"href":"https:\/\/indicatic.org.pa\/en\/wp-json\/wp\/v2\/categories?post=10614"},{"taxonomy":"post_tag","embeddable":true,"href":"https:\/\/indicatic.org.pa\/en\/wp-json\/wp\/v2\/tags?post=10614"}],"curies":[{"name":"wp","href":"https:\/\/api.w.org\/{rel}","templated":true}]}}